{"id":11554,"date":"2025-09-16T15:50:17","date_gmt":"2025-09-16T15:50:17","guid":{"rendered":"https:\/\/www.pne.md\/?p=11554"},"modified":"2025-09-16T15:50:18","modified_gmt":"2025-09-16T15:50:18","slug":"rezultatele-barometrului-antreprenorilor-prezentate-la-bucuresti","status":"publish","type":"post","link":"https:\/\/www.pne.md\/en\/blog\/rezultatele-barometrului-antreprenorilor-prezentate-la-bucuresti\/","title":{"rendered":"Rezultatele \u201eBarometrului antreprenorilor care construiesc viitorul Republicii Moldova\u201d, prezentate la Bucure\u0219ti de AO \u201eParteneriate pentru Noua Economie\u201d"},"content":{"rendered":"<p>Asocia\u021bia Ob\u0219teasc\u0103 \u201eParteneriate pentru Noua Economie\u201d a prezentat, la Bucure\u0219ti, concluziile <a href=\"https:\/\/www.pne.md\/en\/blog\/barometrul-antreprenorilor-2025\/\">Barometrului Antreprenorilor din Republica Moldova<\/a>, \u00een cadrul lans\u0103rii celei de-a doua edi\u021bii a Barometrului Antreprenorilor NewMoney \u2013 INSCOP, care reprezent\u0103 opiniile mediului de afaceri din Rom\u00e2nia.<\/p>\n\n\n<figure class=\"wp-block-post-featured-image\"><img fetchpriority=\"high\" decoding=\"async\" width=\"2048\" height=\"830\" src=\"https:\/\/www.pne.md\/wp-content\/uploads\/2025\/09\/barometrul-Romania.jpg\" class=\"attachment-post-thumbnail size-post-thumbnail wp-post-image\" alt=\"Rezultatele \u201eBarometrului antreprenorilor care construiesc viitorul Republicii Moldova\u201d, prezentate la Bucure\u0219ti\" style=\"object-fit:cover;\" srcset=\"https:\/\/www.pne.md\/wp-content\/uploads\/2025\/09\/barometrul-Romania.jpg 2048w, https:\/\/www.pne.md\/wp-content\/uploads\/2025\/09\/barometrul-Romania-300x122.jpg 300w, https:\/\/www.pne.md\/wp-content\/uploads\/2025\/09\/barometrul-Romania-1024x415.jpg 1024w, https:\/\/www.pne.md\/wp-content\/uploads\/2025\/09\/barometrul-Romania-768x311.jpg 768w, https:\/\/www.pne.md\/wp-content\/uploads\/2025\/09\/barometrul-Romania-1536x623.jpg 1536w, https:\/\/www.pne.md\/wp-content\/uploads\/2025\/09\/barometrul-Romania-18x7.jpg 18w, https:\/\/www.pne.md\/wp-content\/uploads\/2025\/09\/barometrul-Romania-2000x811.jpg 2000w, https:\/\/www.pne.md\/wp-content\/uploads\/2025\/09\/barometrul-Romania-1000x405.jpg 1000w, https:\/\/www.pne.md\/wp-content\/uploads\/2025\/09\/barometrul-Romania-1800x729.jpg 1800w, https:\/\/www.pne.md\/wp-content\/uploads\/2025\/09\/barometrul-Romania-1382x560.jpg 1382w, https:\/\/www.pne.md\/wp-content\/uploads\/2025\/09\/barometrul-Romania-600x243.jpg 600w\" sizes=\"(max-width: 2048px) 100vw, 2048px\" \/><\/figure>\n\n\n<!--more-->\n\n\n\n<p>Expertul economic <a href=\"https:\/\/www.pne.md\/en\/despre-noi\/dumitru-pintea\/\"><strong>Dumitru P\u00e2ntea<\/strong><\/a>, reprezentant al Parteneriate pentru Noua Economie, a declarat c\u0103 antreprenorii din Republica Moldova resimt deja primele efecte pozitive ale apropierii de Uniunea European\u0103, inclusiv \u00een zona investi\u021biilor.\u00a0<\/p>\n\n\n\n<blockquote class=\"wp-block-quote is-layout-flow wp-block-quote-is-layout-flow\">\n<p>\u201eMajoritatea antreprenorilor din Republica Moldova privesc cu optimism parcursul european al \u021b\u0103rii \u0219i consider\u0103 c\u0103 integrarea \u00een Uniunea European\u0103 va aduce beneficii directe pentru mediul de afaceri. Potrivit sondajului, 82% dintre antreprenori se declar\u0103 pro-europeni, \u00een cre\u0219tere fa\u021b\u0103 de anul trecut, doar 8% adopt\u00e2nd o pozi\u021bie anti-european\u0103. Totodat\u0103, 76% dintre responden\u021bi cred c\u0103 aderarea la UE ar aduce avantaje concrete, precum acces la finan\u021bare \u0219i granturi (42%), stabilitate economic\u0103 \u0219i politic\u0103 (41%) sau standarde mai \u00eenalte de calitate (29%). Doar 10% dintre antreprenori se a\u0219teapt\u0103 la un impact negativ\u201d, <\/p>\n<\/blockquote>\n\n\n\n<p>a spus Dumitru P\u00eentea.<\/p>\n\n\n\n<figure class=\"wp-block-image aligncenter size-full\"><img decoding=\"async\" width=\"1536\" height=\"2048\" src=\"https:\/\/www.pne.md\/wp-content\/uploads\/2025\/09\/Dumitru-PIntea.jpg\" alt=\"Dumitru P\u00eentea\" class=\"wp-image-11557\" srcset=\"https:\/\/www.pne.md\/wp-content\/uploads\/2025\/09\/Dumitru-PIntea.jpg 1536w, https:\/\/www.pne.md\/wp-content\/uploads\/2025\/09\/Dumitru-PIntea-225x300.jpg 225w, https:\/\/www.pne.md\/wp-content\/uploads\/2025\/09\/Dumitru-PIntea-768x1024.jpg 768w, https:\/\/www.pne.md\/wp-content\/uploads\/2025\/09\/Dumitru-PIntea-1152x1536.jpg 1152w, https:\/\/www.pne.md\/wp-content\/uploads\/2025\/09\/Dumitru-PIntea-9x12.jpg 9w, https:\/\/www.pne.md\/wp-content\/uploads\/2025\/09\/Dumitru-PIntea-1000x1333.jpg 1000w, https:\/\/www.pne.md\/wp-content\/uploads\/2025\/09\/Dumitru-PIntea-420x560.jpg 420w, https:\/\/www.pne.md\/wp-content\/uploads\/2025\/09\/Dumitru-PIntea-600x800.jpg 600w\" sizes=\"(max-width: 1536px) 100vw, 1536px\" \/><\/figure>\n\n\n\n<p>La r\u00e2ndul s\u0103u, <a href=\"https:\/\/www.pne.md\/en\/despre-noi\/natalia-gavrilita\/\"><strong>Natalia Gavrili\u021ba<\/strong><\/a>, directoarea Parteneriate pentru Noua Economie, a subliniat c\u0103 Rom\u00e2nia poate juca un rol crucial \u00een accelerarea preg\u0103tirii Moldovei pentru aderarea la Uniunea European\u0103.\u00a0<\/p>\n\n\n\n<blockquote class=\"wp-block-quote is-layout-flow wp-block-quote-is-layout-flow\">\n<p>\u201e77% dintre antreprenori consider\u0103 c\u0103 aprofundarea rela\u021biilor cu Rom\u00e2nia ofer\u0103 o cale mai rapid\u0103 de integrare \u00een UE. Mediul de afaceri din Republica Moldova recunoa\u0219te experien\u021ba rom\u00e2neasc\u0103 \u0219i avantajele proximit\u0103\u021bii culturale \u0219i lingvistice. Pentru mediul de afaceri rom\u00e2n, aceasta reprezint\u0103 o oportunitate extraordinar\u0103 de a se implica activ \u00een sprijinirea integr\u0103rii europene a Moldovei, beneficiind de avantaje competitive pe o pia\u021b\u0103 \u00een dezvoltare. \u00cen acela\u0219i timp, Moldova are experien\u021be pozitive care pot fi valoroase \u0219i pentru politicile publice din Rom\u00e2nia. De exemplu, poate fi preluat\u0103 experien\u021ba Organiza\u021biei de Dezvoltare a Antreprenoriatului, care a creat programe de externalizare care ajut\u0103 antreprenorii moldoveni s\u0103 acceseze pie\u021bele externe &#8211; o practic\u0103 care ar putea inspira \u0219i ini\u021biative rom\u00e2ne\u0219ti\u201d, <\/p>\n<\/blockquote>\n\n\n\n<p>a precizat Natalia Gavrili\u021ba.<\/p>\n\n\n\n<figure class=\"wp-block-image size-large\"><img decoding=\"async\" width=\"1024\" height=\"597\" src=\"https:\/\/www.pne.md\/wp-content\/uploads\/2025\/09\/Natalia-Gavrilita-1024x597.jpg\" alt=\"Natalia Gavrili\u021ba\" class=\"wp-image-11558\" srcset=\"https:\/\/www.pne.md\/wp-content\/uploads\/2025\/09\/Natalia-Gavrilita-1024x597.jpg 1024w, https:\/\/www.pne.md\/wp-content\/uploads\/2025\/09\/Natalia-Gavrilita-300x175.jpg 300w, https:\/\/www.pne.md\/wp-content\/uploads\/2025\/09\/Natalia-Gavrilita-768x448.jpg 768w, https:\/\/www.pne.md\/wp-content\/uploads\/2025\/09\/Natalia-Gavrilita-1000x583.jpg 1000w, https:\/\/www.pne.md\/wp-content\/uploads\/2025\/09\/Natalia-Gavrilita-960x560.jpg 960w, https:\/\/www.pne.md\/wp-content\/uploads\/2025\/09\/Natalia-Gavrilita-600x350.jpg 600w, https:\/\/www.pne.md\/wp-content\/uploads\/2025\/09\/Natalia-Gavrilita.jpg 1200w\" sizes=\"(max-width: 1024px) 100vw, 1024px\" \/><\/figure>\n\n\n\n<p>\u201eBarometrul Antreprenorilor New-Money-INSCOP\u201d \u0219i \u201eBarometrul Antreprenorilor din Republica Moldova\u201d sunt dou\u0103 cercet\u0103ri realizate \u00een premier\u0103, parte a unui proiect bilateral care \u00ee\u0219i propune s\u0103 aduc\u0103 vocile antreprenorilor din ambele state \u00een prim-planul aten\u021biei publice. Proiectul are rolul de a sprijini crearea unui cadru coerent de dezbatere \u0219i moderare a deciziilor administra\u021biei publice centrale \u0219i locale \u00een acord cu nevoile economiei de pia\u021b\u0103.<\/p>\n\n\n\n<p>Rezultatele <a href=\"https:\/\/www.pne.md\/downloads\/barometrul-antreprenorilor-2025.pdf\" target=\"_blank\" rel=\"noreferrer noopener\">Barometrului Antreprenorilor din Republica Moldova, edi\u021bia 2025<\/a> au fost prezentate pe data de 19 august, curent, \u00een cadrul unui eveniment organizat la Chi\u0219in\u0103u de Asocia\u021bia Ob\u0219teasc\u0103 \u201eParteneriate pentru Noua Economie\u201d.<strong> <\/strong>La platforma de dialog pe marginea concluziilor barometrului au participat reprezentan\u021bi ai Guvernului, Parlamentului, mediului de afaceri \u0219i partenerilor de dezvoltare.&nbsp;<\/p>\n\n\n\n<p>Sondajul a fost realizat \u00een perioada 18 iunie \u2013 10 iulie 2025, \u00een cadrul proiectului&nbsp;\u201eCre\u0219terea gradului de con\u0219tientizare \u0219i implicarea cet\u0103\u021benilor moldoveni \u00een elaborarea politicilor economice legate de integrarea european\u0103\u201d, implementat cu sprijinul financiar al&nbsp;Funda\u021biei FORD.<\/p>","protected":false},"excerpt":{"rendered":"<p>Asocia\u021bia Ob\u0219teasc\u0103 \u201eParteneriate pentru Noua Economie\u201d a prezentat, la Bucure\u0219ti, concluziile Barometrului Antreprenorilor din Republica Moldova, \u00een cadrul lans\u0103rii celei de-a doua edi\u021bii a Barometrului Antreprenorilor NewMoney \u2013 INSCOP, care reprezent\u0103 opiniile mediului de afaceri din Rom\u00e2nia.<\/p>","protected":false},"author":2,"featured_media":11555,"comment_status":"closed","ping_status":"closed","sticky":false,"template":"","format":"standard","meta":{"footnotes":""},"categories":[2],"tags":[],"class_list":["post-11554","post","type-post","status-publish","format-standard","has-post-thumbnail","hentry","category-noutati"],"yoast_head":"<!-- This site is optimized with the Yoast SEO plugin v27.5 - https:\/\/yoast.com\/product\/yoast-seo-wordpress\/ -->\n<title>Rezultatele Barometrului Antreprenorilor Prezentate la Bucure\u0219ti - PNE<\/title>\n<meta name=\"description\" content=\"AO \u201eParteneriate pentru Noua Economie\u201d a prezentat la Bucure\u0219ti concluziile Barometrului Antreprenorilor din Republica Moldova 2025.\" \/>\n<meta name=\"robots\" content=\"index, follow, max-snippet:-1, max-image-preview:large, max-video-preview:-1\" \/>\n<link rel=\"canonical\" href=\"https:\/\/www.pne.md\/en\/blog\/rezultatele-barometrului-antreprenorilor-prezentate-la-bucuresti\/\" \/>\n<meta property=\"og:locale\" content=\"en_US\" \/>\n<meta property=\"og:type\" content=\"article\" \/>\n<meta property=\"og:title\" content=\"Rezultatele Barometrului Antreprenorilor Prezentate la Bucure\u0219ti - PNE\" \/>\n<meta property=\"og:description\" content=\"AO \u201eParteneriate pentru Noua Economie\u201d a prezentat la Bucure\u0219ti concluziile Barometrului Antreprenorilor din Republica Moldova 2025.\" \/>\n<meta property=\"og:url\" content=\"https:\/\/www.pne.md\/en\/blog\/rezultatele-barometrului-antreprenorilor-prezentate-la-bucuresti\/\" \/>\n<meta property=\"og:site_name\" content=\"Parteneriate pentru Noua Economie (PNE)\" \/>\n<meta property=\"article:publisher\" content=\"https:\/\/www.facebook.com\/profile.php?id=61553713585036\" \/>\n<meta property=\"article:published_time\" content=\"2025-09-16T15:50:17+00:00\" \/>\n<meta property=\"article:modified_time\" content=\"2025-09-16T15:50:18+00:00\" \/>\n<meta property=\"og:image\" content=\"https:\/\/www.pne.md\/wp-content\/uploads\/2025\/09\/barometrul-Romania.jpg\" \/>\n\t<meta property=\"og:image:width\" content=\"2048\" \/>\n\t<meta property=\"og:image:height\" content=\"830\" \/>\n\t<meta property=\"og:image:type\" content=\"image\/jpeg\" \/>\n<meta name=\"author\" content=\"admin\" \/>\n<meta name=\"twitter:card\" content=\"summary_large_image\" \/>\n<meta name=\"twitter:label1\" content=\"Written by\" \/>\n\t<meta name=\"twitter:data1\" content=\"admin\" \/>\n\t<meta name=\"twitter:label2\" content=\"Est. reading time\" \/>\n\t<meta name=\"twitter:data2\" content=\"2 minutes\" \/>\n<script type=\"application\/ld+json\" class=\"yoast-schema-graph\">{\"@context\":\"https:\\\/\\\/schema.org\",\"@graph\":[{\"@type\":\"Article\",\"@id\":\"https:\\\/\\\/www.pne.md\\\/blog\\\/rezultatele-barometrului-antreprenorilor-prezentate-la-bucuresti\\\/#article\",\"isPartOf\":{\"@id\":\"https:\\\/\\\/www.pne.md\\\/blog\\\/rezultatele-barometrului-antreprenorilor-prezentate-la-bucuresti\\\/\"},\"author\":{\"name\":\"admin\",\"@id\":\"https:\\\/\\\/www.pne.md\\\/#\\\/schema\\\/person\\\/6160014744030af786edb277207f7820\"},\"headline\":\"Rezultatele \u201eBarometrului antreprenorilor care construiesc viitorul Republicii Moldova\u201d, prezentate la Bucure\u0219ti de AO \u201eParteneriate pentru Noua Economie\u201d\",\"datePublished\":\"2025-09-16T15:50:17+00:00\",\"dateModified\":\"2025-09-16T15:50:18+00:00\",\"mainEntityOfPage\":{\"@id\":\"https:\\\/\\\/www.pne.md\\\/blog\\\/rezultatele-barometrului-antreprenorilor-prezentate-la-bucuresti\\\/\"},\"wordCount\":517,\"publisher\":{\"@id\":\"https:\\\/\\\/www.pne.md\\\/#organization\"},\"image\":{\"@id\":\"https:\\\/\\\/www.pne.md\\\/blog\\\/rezultatele-barometrului-antreprenorilor-prezentate-la-bucuresti\\\/#primaryimage\"},\"thumbnailUrl\":\"https:\\\/\\\/www.pne.md\\\/wp-content\\\/uploads\\\/2025\\\/09\\\/barometrul-Romania.jpg\",\"articleSection\":[\"Nout\u0103\u021bi\"],\"inLanguage\":\"en-US\"},{\"@type\":\"WebPage\",\"@id\":\"https:\\\/\\\/www.pne.md\\\/blog\\\/rezultatele-barometrului-antreprenorilor-prezentate-la-bucuresti\\\/\",\"url\":\"https:\\\/\\\/www.pne.md\\\/blog\\\/rezultatele-barometrului-antreprenorilor-prezentate-la-bucuresti\\\/\",\"name\":\"Rezultatele Barometrului Antreprenorilor Prezentate la Bucure\u0219ti - PNE\",\"isPartOf\":{\"@id\":\"https:\\\/\\\/www.pne.md\\\/#website\"},\"primaryImageOfPage\":{\"@id\":\"https:\\\/\\\/www.pne.md\\\/blog\\\/rezultatele-barometrului-antreprenorilor-prezentate-la-bucuresti\\\/#primaryimage\"},\"image\":{\"@id\":\"https:\\\/\\\/www.pne.md\\\/blog\\\/rezultatele-barometrului-antreprenorilor-prezentate-la-bucuresti\\\/#primaryimage\"},\"thumbnailUrl\":\"https:\\\/\\\/www.pne.md\\\/wp-content\\\/uploads\\\/2025\\\/09\\\/barometrul-Romania.jpg\",\"datePublished\":\"2025-09-16T15:50:17+00:00\",\"dateModified\":\"2025-09-16T15:50:18+00:00\",\"description\":\"AO \u201eParteneriate pentru Noua Economie\u201d a prezentat la Bucure\u0219ti concluziile Barometrului Antreprenorilor din Republica Moldova 2025.\",\"breadcrumb\":{\"@id\":\"https:\\\/\\\/www.pne.md\\\/blog\\\/rezultatele-barometrului-antreprenorilor-prezentate-la-bucuresti\\\/#breadcrumb\"},\"inLanguage\":\"en-US\",\"potentialAction\":[{\"@type\":\"ReadAction\",\"target\":[\"https:\\\/\\\/www.pne.md\\\/blog\\\/rezultatele-barometrului-antreprenorilor-prezentate-la-bucuresti\\\/\"]}]},{\"@type\":\"ImageObject\",\"inLanguage\":\"en-US\",\"@id\":\"https:\\\/\\\/www.pne.md\\\/blog\\\/rezultatele-barometrului-antreprenorilor-prezentate-la-bucuresti\\\/#primaryimage\",\"url\":\"https:\\\/\\\/www.pne.md\\\/wp-content\\\/uploads\\\/2025\\\/09\\\/barometrul-Romania.jpg\",\"contentUrl\":\"https:\\\/\\\/www.pne.md\\\/wp-content\\\/uploads\\\/2025\\\/09\\\/barometrul-Romania.jpg\",\"width\":2048,\"height\":830,\"caption\":\"Rezultatele \u201eBarometrului antreprenorilor care construiesc viitorul Republicii Moldova\u201d, prezentate la Bucure\u0219ti\"},{\"@type\":\"BreadcrumbList\",\"@id\":\"https:\\\/\\\/www.pne.md\\\/blog\\\/rezultatele-barometrului-antreprenorilor-prezentate-la-bucuresti\\\/#breadcrumb\",\"itemListElement\":[{\"@type\":\"ListItem\",\"position\":1,\"name\":\"Home\",\"item\":\"https:\\\/\\\/www.pne.md\\\/\"},{\"@type\":\"ListItem\",\"position\":2,\"name\":\"Rezultatele \u201eBarometrului antreprenorilor care construiesc viitorul Republicii Moldova\u201d, prezentate la Bucure\u0219ti de AO \u201eParteneriate pentru Noua Economie\u201d\"}]},{\"@type\":\"WebSite\",\"@id\":\"https:\\\/\\\/www.pne.md\\\/#website\",\"url\":\"https:\\\/\\\/www.pne.md\\\/\",\"name\":\"Parteneriate pentru Noua Economie (PNE)\",\"description\":\"\",\"publisher\":{\"@id\":\"https:\\\/\\\/www.pne.md\\\/#organization\"},\"potentialAction\":[{\"@type\":\"SearchAction\",\"target\":{\"@type\":\"EntryPoint\",\"urlTemplate\":\"https:\\\/\\\/www.pne.md\\\/?s={search_term_string}\"},\"query-input\":{\"@type\":\"PropertyValueSpecification\",\"valueRequired\":true,\"valueName\":\"search_term_string\"}}],\"inLanguage\":\"en-US\"},{\"@type\":\"Organization\",\"@id\":\"https:\\\/\\\/www.pne.md\\\/#organization\",\"name\":\"Parteneriate pentru Noua Economie\",\"url\":\"https:\\\/\\\/www.pne.md\\\/\",\"logo\":{\"@type\":\"ImageObject\",\"inLanguage\":\"en-US\",\"@id\":\"https:\\\/\\\/www.pne.md\\\/#\\\/schema\\\/logo\\\/image\\\/\",\"url\":\"https:\\\/\\\/www.pne.md\\\/wp-content\\\/uploads\\\/2024\\\/04\\\/pne-logo.webp\",\"contentUrl\":\"https:\\\/\\\/www.pne.md\\\/wp-content\\\/uploads\\\/2024\\\/04\\\/pne-logo.webp\",\"width\":1000,\"height\":234,\"caption\":\"Parteneriate pentru Noua Economie\"},\"image\":{\"@id\":\"https:\\\/\\\/www.pne.md\\\/#\\\/schema\\\/logo\\\/image\\\/\"},\"sameAs\":[\"https:\\\/\\\/www.facebook.com\\\/profile.php?id=61553713585036\"]},{\"@type\":\"Person\",\"@id\":\"https:\\\/\\\/www.pne.md\\\/#\\\/schema\\\/person\\\/6160014744030af786edb277207f7820\",\"name\":\"admin\",\"sameAs\":[\"https:\\\/\\\/www.pne.md\"],\"url\":\"https:\\\/\\\/www.pne.md\\\/en\\\/blog\\\/author\\\/admin\\\/\"}]}<\/script>\n<!-- \/ Yoast SEO plugin. -->","yoast_head_json":{"title":"Rezultatele Barometrului Antreprenorilor Prezentate la Bucure\u0219ti - PNE","description":"AO \u201eParteneriate pentru Noua Economie\u201d a prezentat la Bucure\u0219ti concluziile Barometrului Antreprenorilor din Republica Moldova 2025.","robots":{"index":"index","follow":"follow","max-snippet":"max-snippet:-1","max-image-preview":"max-image-preview:large","max-video-preview":"max-video-preview:-1"},"canonical":"https:\/\/www.pne.md\/en\/blog\/rezultatele-barometrului-antreprenorilor-prezentate-la-bucuresti\/","og_locale":"en_US","og_type":"article","og_title":"Rezultatele Barometrului Antreprenorilor Prezentate la Bucure\u0219ti - PNE","og_description":"AO \u201eParteneriate pentru Noua Economie\u201d a prezentat la Bucure\u0219ti concluziile Barometrului Antreprenorilor din Republica Moldova 2025.","og_url":"https:\/\/www.pne.md\/en\/blog\/rezultatele-barometrului-antreprenorilor-prezentate-la-bucuresti\/","og_site_name":"Parteneriate pentru Noua Economie (PNE)","article_publisher":"https:\/\/www.facebook.com\/profile.php?id=61553713585036","article_published_time":"2025-09-16T15:50:17+00:00","article_modified_time":"2025-09-16T15:50:18+00:00","og_image":[{"width":2048,"height":830,"url":"https:\/\/www.pne.md\/wp-content\/uploads\/2025\/09\/barometrul-Romania.jpg","type":"image\/jpeg"}],"author":"admin","twitter_card":"summary_large_image","twitter_misc":{"Written by":"admin","Est. reading time":"2 minutes"},"schema":{"@context":"https:\/\/schema.org","@graph":[{"@type":"Article","@id":"https:\/\/www.pne.md\/blog\/rezultatele-barometrului-antreprenorilor-prezentate-la-bucuresti\/#article","isPartOf":{"@id":"https:\/\/www.pne.md\/blog\/rezultatele-barometrului-antreprenorilor-prezentate-la-bucuresti\/"},"author":{"name":"admin","@id":"https:\/\/www.pne.md\/#\/schema\/person\/6160014744030af786edb277207f7820"},"headline":"Rezultatele \u201eBarometrului antreprenorilor care construiesc viitorul Republicii Moldova\u201d, prezentate la Bucure\u0219ti de AO \u201eParteneriate pentru Noua Economie\u201d","datePublished":"2025-09-16T15:50:17+00:00","dateModified":"2025-09-16T15:50:18+00:00","mainEntityOfPage":{"@id":"https:\/\/www.pne.md\/blog\/rezultatele-barometrului-antreprenorilor-prezentate-la-bucuresti\/"},"wordCount":517,"publisher":{"@id":"https:\/\/www.pne.md\/#organization"},"image":{"@id":"https:\/\/www.pne.md\/blog\/rezultatele-barometrului-antreprenorilor-prezentate-la-bucuresti\/#primaryimage"},"thumbnailUrl":"https:\/\/www.pne.md\/wp-content\/uploads\/2025\/09\/barometrul-Romania.jpg","articleSection":["Nout\u0103\u021bi"],"inLanguage":"en-US"},{"@type":"WebPage","@id":"https:\/\/www.pne.md\/blog\/rezultatele-barometrului-antreprenorilor-prezentate-la-bucuresti\/","url":"https:\/\/www.pne.md\/blog\/rezultatele-barometrului-antreprenorilor-prezentate-la-bucuresti\/","name":"Rezultatele Barometrului Antreprenorilor Prezentate la Bucure\u0219ti - PNE","isPartOf":{"@id":"https:\/\/www.pne.md\/#website"},"primaryImageOfPage":{"@id":"https:\/\/www.pne.md\/blog\/rezultatele-barometrului-antreprenorilor-prezentate-la-bucuresti\/#primaryimage"},"image":{"@id":"https:\/\/www.pne.md\/blog\/rezultatele-barometrului-antreprenorilor-prezentate-la-bucuresti\/#primaryimage"},"thumbnailUrl":"https:\/\/www.pne.md\/wp-content\/uploads\/2025\/09\/barometrul-Romania.jpg","datePublished":"2025-09-16T15:50:17+00:00","dateModified":"2025-09-16T15:50:18+00:00","description":"AO \u201eParteneriate pentru Noua Economie\u201d a prezentat la Bucure\u0219ti concluziile Barometrului Antreprenorilor din Republica Moldova 2025.","breadcrumb":{"@id":"https:\/\/www.pne.md\/blog\/rezultatele-barometrului-antreprenorilor-prezentate-la-bucuresti\/#breadcrumb"},"inLanguage":"en-US","potentialAction":[{"@type":"ReadAction","target":["https:\/\/www.pne.md\/blog\/rezultatele-barometrului-antreprenorilor-prezentate-la-bucuresti\/"]}]},{"@type":"ImageObject","inLanguage":"en-US","@id":"https:\/\/www.pne.md\/blog\/rezultatele-barometrului-antreprenorilor-prezentate-la-bucuresti\/#primaryimage","url":"https:\/\/www.pne.md\/wp-content\/uploads\/2025\/09\/barometrul-Romania.jpg","contentUrl":"https:\/\/www.pne.md\/wp-content\/uploads\/2025\/09\/barometrul-Romania.jpg","width":2048,"height":830,"caption":"Rezultatele \u201eBarometrului antreprenorilor care construiesc viitorul Republicii Moldova\u201d, prezentate la Bucure\u0219ti"},{"@type":"BreadcrumbList","@id":"https:\/\/www.pne.md\/blog\/rezultatele-barometrului-antreprenorilor-prezentate-la-bucuresti\/#breadcrumb","itemListElement":[{"@type":"ListItem","position":1,"name":"Home","item":"https:\/\/www.pne.md\/"},{"@type":"ListItem","position":2,"name":"Rezultatele \u201eBarometrului antreprenorilor care construiesc viitorul Republicii Moldova\u201d, prezentate la Bucure\u0219ti de AO \u201eParteneriate pentru Noua Economie\u201d"}]},{"@type":"WebSite","@id":"https:\/\/www.pne.md\/#website","url":"https:\/\/www.pne.md\/","name":"Partnerships for New Economy (PNE)","description":"","publisher":{"@id":"https:\/\/www.pne.md\/#organization"},"potentialAction":[{"@type":"SearchAction","target":{"@type":"EntryPoint","urlTemplate":"https:\/\/www.pne.md\/?s={search_term_string}"},"query-input":{"@type":"PropertyValueSpecification","valueRequired":true,"valueName":"search_term_string"}}],"inLanguage":"en-US"},{"@type":"Organization","@id":"https:\/\/www.pne.md\/#organization","name":"Partnerships for the New Economy","url":"https:\/\/www.pne.md\/","logo":{"@type":"ImageObject","inLanguage":"en-US","@id":"https:\/\/www.pne.md\/#\/schema\/logo\/image\/","url":"https:\/\/www.pne.md\/wp-content\/uploads\/2024\/04\/pne-logo.webp","contentUrl":"https:\/\/www.pne.md\/wp-content\/uploads\/2024\/04\/pne-logo.webp","width":1000,"height":234,"caption":"Parteneriate pentru Noua Economie"},"image":{"@id":"https:\/\/www.pne.md\/#\/schema\/logo\/image\/"},"sameAs":["https:\/\/www.facebook.com\/profile.php?id=61553713585036"]},{"@type":"Person","@id":"https:\/\/www.pne.md\/#\/schema\/person\/6160014744030af786edb277207f7820","name":"admin","sameAs":["https:\/\/www.pne.md"],"url":"https:\/\/www.pne.md\/en\/blog\/author\/admin\/"}]}},"_links":{"self":[{"href":"https:\/\/www.pne.md\/en\/wp-json\/wp\/v2\/posts\/11554","targetHints":{"allow":["GET"]}}],"collection":[{"href":"https:\/\/www.pne.md\/en\/wp-json\/wp\/v2\/posts"}],"about":[{"href":"https:\/\/www.pne.md\/en\/wp-json\/wp\/v2\/types\/post"}],"author":[{"embeddable":true,"href":"https:\/\/www.pne.md\/en\/wp-json\/wp\/v2\/users\/2"}],"replies":[{"embeddable":true,"href":"https:\/\/www.pne.md\/en\/wp-json\/wp\/v2\/comments?post=11554"}],"version-history":[{"count":9,"href":"https:\/\/www.pne.md\/en\/wp-json\/wp\/v2\/posts\/11554\/revisions"}],"predecessor-version":[{"id":11566,"href":"https:\/\/www.pne.md\/en\/wp-json\/wp\/v2\/posts\/11554\/revisions\/11566"}],"wp:featuredmedia":[{"embeddable":true,"href":"https:\/\/www.pne.md\/en\/wp-json\/wp\/v2\/media\/11555"}],"wp:attachment":[{"href":"https:\/\/www.pne.md\/en\/wp-json\/wp\/v2\/media?parent=11554"}],"wp:term":[{"taxonomy":"category","embeddable":true,"href":"https:\/\/www.pne.md\/en\/wp-json\/wp\/v2\/categories?post=11554"},{"taxonomy":"post_tag","embeddable":true,"href":"https:\/\/www.pne.md\/en\/wp-json\/wp\/v2\/tags?post=11554"}],"curies":[{"name":"wp","href":"https:\/\/api.w.org\/{rel}","templated":true}]}}