{"id":11513,"date":"2025-08-19T12:51:57","date_gmt":"2025-08-19T12:51:57","guid":{"rendered":"https:\/\/www.pne.md\/?p=11513"},"modified":"2025-08-19T13:07:40","modified_gmt":"2025-08-19T13:07:40","slug":"barometrul-antreprenorilor-2025","status":"publish","type":"post","link":"https:\/\/www.pne.md\/en\/blog\/barometrul-antreprenorilor-2025\/","title":{"rendered":"Barometrul Antreprenorilor 2025: Mediul de afaceri din Republica Moldova, tot mai optimist fa\u021b\u0103 de integrarea \u00een Uniunea European\u0103"},"content":{"rendered":"<p>Majoritatea antreprenorilor din Republica Moldova privesc cu optimism parcursul european al \u021b\u0103rii \u0219i consider\u0103 c\u0103 integrarea \u00een Uniunea European\u0103 va aduce beneficii directe pentru mediul de afaceri. Concluzia se con\u021bine \u00een <strong><a href=\"https:\/\/www.pne.md\/downloads\/barometrul-antreprenorilor-2025.pdf\">Barometrul Antreprenorilor edi\u021bia 2025<\/a><\/strong>, realizat de <strong>Public Association &quot;Partnerships for the New Economy&quot;<\/strong> \u00een colaborare cu <strong>CBS-Research<\/strong> and <strong>INSCOP Research Rom\u00e2nia<\/strong>. Rezultatele Barometrului au fost prezentate ast\u0103zi, 19 august, \u00een cadrul unui eveniment cu participarea reprezentan\u021bilor Guvernului, Parlamentului, mediului de afaceri \u0219i partenerilor de dezvoltare.\u00a0<\/p>\n\n\n<figure class=\"wp-block-post-featured-image\"><img fetchpriority=\"high\" decoding=\"async\" width=\"1000\" height=\"665\" src=\"https:\/\/www.pne.md\/wp-content\/uploads\/2025\/08\/B-58.jpg\" class=\"attachment-post-thumbnail size-post-thumbnail wp-post-image\" alt=\"Barometrul Antreprenorilor 2025\" style=\"object-fit:cover;\" srcset=\"https:\/\/www.pne.md\/wp-content\/uploads\/2025\/08\/B-58.jpg 1000w, https:\/\/www.pne.md\/wp-content\/uploads\/2025\/08\/B-58-300x200.jpg 300w, https:\/\/www.pne.md\/wp-content\/uploads\/2025\/08\/B-58-768x511.jpg 768w, https:\/\/www.pne.md\/wp-content\/uploads\/2025\/08\/B-58-18x12.jpg 18w, https:\/\/www.pne.md\/wp-content\/uploads\/2025\/08\/B-58-842x560.jpg 842w, https:\/\/www.pne.md\/wp-content\/uploads\/2025\/08\/B-58-600x399.jpg 600w\" sizes=\"(max-width: 1000px) 100vw, 1000px\" \/><\/figure>\n\n\n<!--more-->\n\n\n\n<p>Potrivit sondajului, <strong>82%<\/strong> dintre antreprenori se declar\u0103 pro-europeni, \u00een cre\u0219tere fa\u021b\u0103 de anul trecut, doar <strong>8%<\/strong> adopt\u00e2nd o pozi\u021bie anti-european\u0103. Aceast\u0103 opinie este sus\u021binut\u0103 de percep\u021bia c\u0103 deschiderea spre pia\u021ba unic\u0103 va aduce oportunit\u0103\u021bi de extindere pe noi pie\u021be, atragerea de investi\u021bii \u0219i un cadru politic mai stabil.<\/p>\n\n\n\n<p>Totodat\u0103, <strong>76%<\/strong> dintre responden\u021bi cred c\u0103 aderarea la UE ar aduce avantaje concrete, precum acces la finan\u021bare \u0219i granturi (<strong>42%<\/strong>), stabilitate economic\u0103 \u0219i politic\u0103 (<strong>41%<\/strong>) sau standarde mai \u00eenalte de calitate (<strong>29%<\/strong>). Doar <strong>10%<\/strong> dintre antreprenori se a\u0219teapt\u0103 la un impact negativ.<\/p>\n\n\n\n<figure class=\"wp-block-gallery has-nested-images columns-default is-cropped wp-block-gallery-1 is-layout-flex wp-block-gallery-is-layout-flex\">\n<figure class=\"wp-block-image size-large\"><img decoding=\"async\" width=\"1000\" height=\"665\" data-id=\"11516\" src=\"https:\/\/www.pne.md\/wp-content\/uploads\/2025\/08\/B-47.jpg\" alt=\"\" class=\"wp-image-11516\" srcset=\"https:\/\/www.pne.md\/wp-content\/uploads\/2025\/08\/B-47.jpg 1000w, https:\/\/www.pne.md\/wp-content\/uploads\/2025\/08\/B-47-300x200.jpg 300w, https:\/\/www.pne.md\/wp-content\/uploads\/2025\/08\/B-47-768x511.jpg 768w, https:\/\/www.pne.md\/wp-content\/uploads\/2025\/08\/B-47-18x12.jpg 18w, https:\/\/www.pne.md\/wp-content\/uploads\/2025\/08\/B-47-842x560.jpg 842w, https:\/\/www.pne.md\/wp-content\/uploads\/2025\/08\/B-47-600x399.jpg 600w\" sizes=\"(max-width: 1000px) 100vw, 1000px\" \/><\/figure>\n\n\n\n<figure class=\"wp-block-image size-large\"><img decoding=\"async\" width=\"1000\" height=\"665\" data-id=\"11517\" src=\"https:\/\/www.pne.md\/wp-content\/uploads\/2025\/08\/B-54.jpg\" alt=\"\" class=\"wp-image-11517\" srcset=\"https:\/\/www.pne.md\/wp-content\/uploads\/2025\/08\/B-54.jpg 1000w, https:\/\/www.pne.md\/wp-content\/uploads\/2025\/08\/B-54-300x200.jpg 300w, https:\/\/www.pne.md\/wp-content\/uploads\/2025\/08\/B-54-768x511.jpg 768w, https:\/\/www.pne.md\/wp-content\/uploads\/2025\/08\/B-54-18x12.jpg 18w, https:\/\/www.pne.md\/wp-content\/uploads\/2025\/08\/B-54-842x560.jpg 842w, https:\/\/www.pne.md\/wp-content\/uploads\/2025\/08\/B-54-600x399.jpg 600w\" sizes=\"(max-width: 1000px) 100vw, 1000px\" \/><\/figure>\n\n\n\n<figure class=\"wp-block-image size-large\"><img loading=\"lazy\" decoding=\"async\" width=\"1000\" height=\"665\" data-id=\"11518\" src=\"https:\/\/www.pne.md\/wp-content\/uploads\/2025\/08\/B-66.jpg\" alt=\"\" class=\"wp-image-11518\" srcset=\"https:\/\/www.pne.md\/wp-content\/uploads\/2025\/08\/B-66.jpg 1000w, https:\/\/www.pne.md\/wp-content\/uploads\/2025\/08\/B-66-300x200.jpg 300w, https:\/\/www.pne.md\/wp-content\/uploads\/2025\/08\/B-66-768x511.jpg 768w, https:\/\/www.pne.md\/wp-content\/uploads\/2025\/08\/B-66-18x12.jpg 18w, https:\/\/www.pne.md\/wp-content\/uploads\/2025\/08\/B-66-842x560.jpg 842w, https:\/\/www.pne.md\/wp-content\/uploads\/2025\/08\/B-66-600x399.jpg 600w\" sizes=\"(max-width: 1000px) 100vw, 1000px\" \/><\/figure>\n\n\n\n<figure class=\"wp-block-image size-large\"><img loading=\"lazy\" decoding=\"async\" width=\"1000\" height=\"665\" data-id=\"11519\" src=\"https:\/\/www.pne.md\/wp-content\/uploads\/2025\/08\/B-70.jpg\" alt=\"\" class=\"wp-image-11519\" srcset=\"https:\/\/www.pne.md\/wp-content\/uploads\/2025\/08\/B-70.jpg 1000w, https:\/\/www.pne.md\/wp-content\/uploads\/2025\/08\/B-70-300x200.jpg 300w, https:\/\/www.pne.md\/wp-content\/uploads\/2025\/08\/B-70-768x511.jpg 768w, https:\/\/www.pne.md\/wp-content\/uploads\/2025\/08\/B-70-18x12.jpg 18w, https:\/\/www.pne.md\/wp-content\/uploads\/2025\/08\/B-70-842x560.jpg 842w, https:\/\/www.pne.md\/wp-content\/uploads\/2025\/08\/B-70-600x399.jpg 600w\" sizes=\"(max-width: 1000px) 100vw, 1000px\" \/><\/figure>\n<\/figure>\n\n\n\n<div style=\"height:40px\" aria-hidden=\"true\" class=\"wp-block-spacer\"><\/div>\n\n\n\n<p>De\u0219i sus\u021bin integrarea european\u0103, oamenii de afaceri recunosc \u0219i provoc\u0103rile care sunt inerente acestui proces. Cea mai frecvent invocat\u0103 dificultate este adaptarea produselor \u0219i serviciilor la standardele europene (<strong>39%<\/strong>), aceasta fiind urmat\u0103 de cre\u0219terea concuren\u021bei (<strong>31%<\/strong>) \u0219i costurile de conformitate (<strong>28%<\/strong>). Chiar \u0219i \u00een acest context, peste jum\u0103tate dintre companii (<strong>52%<\/strong>) afirm\u0103 c\u0103 sunt deja preg\u0103tite pentru integrarea \u00een Uniunea European\u0103.<\/p>\n\n\n\n<p>Raportul arat\u0103 \u0219i c\u0103 sprijinul mediului de afaceri pentru UE este semnificativ mai ridicat dec\u00e2t cel \u00eenregistrat \u00een r\u00e2ndul popula\u021biei generale (aproximativ <strong>50%<\/strong> \u00een sondaje). Explica\u021bia, spun autorii, \u021bine de pragmatismul antreprenorilor \u0219i de nivelul mai \u00eenalt de informare \u0219i educa\u021bie, ceea ce \u00eei transform\u0103 \u00een actori-cheie ai dialogului public despre integrarea european\u0103.<\/p>\n\n\n\n<figure class=\"wp-block-gallery has-nested-images columns-default is-cropped wp-block-gallery-2 is-layout-flex wp-block-gallery-is-layout-flex\">\n<figure class=\"wp-block-image size-large\"><img loading=\"lazy\" decoding=\"async\" width=\"1000\" height=\"665\" data-id=\"11522\" src=\"https:\/\/www.pne.md\/wp-content\/uploads\/2025\/08\/B-87.jpg\" alt=\"\" class=\"wp-image-11522\" srcset=\"https:\/\/www.pne.md\/wp-content\/uploads\/2025\/08\/B-87.jpg 1000w, https:\/\/www.pne.md\/wp-content\/uploads\/2025\/08\/B-87-300x200.jpg 300w, https:\/\/www.pne.md\/wp-content\/uploads\/2025\/08\/B-87-768x511.jpg 768w, https:\/\/www.pne.md\/wp-content\/uploads\/2025\/08\/B-87-18x12.jpg 18w, https:\/\/www.pne.md\/wp-content\/uploads\/2025\/08\/B-87-842x560.jpg 842w, https:\/\/www.pne.md\/wp-content\/uploads\/2025\/08\/B-87-600x399.jpg 600w\" sizes=\"(max-width: 1000px) 100vw, 1000px\" \/><\/figure>\n\n\n\n<figure class=\"wp-block-image size-large\"><img loading=\"lazy\" decoding=\"async\" width=\"1000\" height=\"665\" data-id=\"11523\" src=\"https:\/\/www.pne.md\/wp-content\/uploads\/2025\/08\/B-114.jpg\" alt=\"\" class=\"wp-image-11523\" srcset=\"https:\/\/www.pne.md\/wp-content\/uploads\/2025\/08\/B-114.jpg 1000w, https:\/\/www.pne.md\/wp-content\/uploads\/2025\/08\/B-114-300x200.jpg 300w, https:\/\/www.pne.md\/wp-content\/uploads\/2025\/08\/B-114-768x511.jpg 768w, https:\/\/www.pne.md\/wp-content\/uploads\/2025\/08\/B-114-18x12.jpg 18w, https:\/\/www.pne.md\/wp-content\/uploads\/2025\/08\/B-114-842x560.jpg 842w, https:\/\/www.pne.md\/wp-content\/uploads\/2025\/08\/B-114-600x399.jpg 600w\" sizes=\"(max-width: 1000px) 100vw, 1000px\" \/><\/figure>\n\n\n\n<figure class=\"wp-block-image size-large\"><img loading=\"lazy\" decoding=\"async\" width=\"1000\" height=\"665\" data-id=\"11524\" src=\"https:\/\/www.pne.md\/wp-content\/uploads\/2025\/08\/B-115.jpg\" alt=\"\" class=\"wp-image-11524\" srcset=\"https:\/\/www.pne.md\/wp-content\/uploads\/2025\/08\/B-115.jpg 1000w, https:\/\/www.pne.md\/wp-content\/uploads\/2025\/08\/B-115-300x200.jpg 300w, https:\/\/www.pne.md\/wp-content\/uploads\/2025\/08\/B-115-768x511.jpg 768w, https:\/\/www.pne.md\/wp-content\/uploads\/2025\/08\/B-115-18x12.jpg 18w, https:\/\/www.pne.md\/wp-content\/uploads\/2025\/08\/B-115-842x560.jpg 842w, https:\/\/www.pne.md\/wp-content\/uploads\/2025\/08\/B-115-600x399.jpg 600w\" sizes=\"(max-width: 1000px) 100vw, 1000px\" \/><\/figure>\n\n\n\n<figure class=\"wp-block-image size-large\"><img loading=\"lazy\" decoding=\"async\" width=\"1000\" height=\"665\" data-id=\"11525\" src=\"https:\/\/www.pne.md\/wp-content\/uploads\/2025\/08\/B-161.jpg\" alt=\"\" class=\"wp-image-11525\" srcset=\"https:\/\/www.pne.md\/wp-content\/uploads\/2025\/08\/B-161.jpg 1000w, https:\/\/www.pne.md\/wp-content\/uploads\/2025\/08\/B-161-300x200.jpg 300w, https:\/\/www.pne.md\/wp-content\/uploads\/2025\/08\/B-161-768x511.jpg 768w, https:\/\/www.pne.md\/wp-content\/uploads\/2025\/08\/B-161-18x12.jpg 18w, https:\/\/www.pne.md\/wp-content\/uploads\/2025\/08\/B-161-842x560.jpg 842w, https:\/\/www.pne.md\/wp-content\/uploads\/2025\/08\/B-161-600x399.jpg 600w\" sizes=\"(max-width: 1000px) 100vw, 1000px\" \/><\/figure>\n<\/figure>\n\n\n\n<div style=\"height:40px\" aria-hidden=\"true\" class=\"wp-block-spacer\"><\/div>\n\n\n\n<p>Rela\u021biile economice dintre companiile din Republica Moldova \u0219i Rom\u00e2nia continu\u0103 s\u0103 fie diverse, de\u0219i ponderea celor implicate direct r\u0103m\u00e2ne moderat\u0103. \u00cen 2025, <strong>10%<\/strong> dintre responden\u021bi desf\u0103\u0219oar\u0103 opera\u021biuni de import, iar <strong>8%<\/strong> realizeaz\u0103 exporturi pe pia\u021ba rom\u00e2neasc\u0103, valori apropiate de cele din 2024, ceea ce indic\u0103 men\u021binerea fluxurilor comerciale bilaterale \u0219i confirm\u0103 rolul Rom\u00e2niei ca partener comercial important pentru o parte a mediului de afaceri. De asemenea, <strong>5%<\/strong> dintre antreprenori men\u021bioneaz\u0103 c\u0103 au deja o afacere \u00een Rom\u00e2nia, iar <strong>6%<\/strong> inten\u021bioneaz\u0103 s\u0103 deschid\u0103 una, semnal\u00e2nd existen\u021ba unui nucleu antreprenorial activ \u0219i interesat de extindere \u00een spa\u021biul economic rom\u00e2nesc.\u00a0<\/p>\n\n\n\n<p>Totodat\u0103, aproximativ <strong>29%<\/strong> dintre responden\u021bi apreciaz\u0103 c\u0103 situa\u021bia economic\u0103 actual\u0103 este mai bun\u0103 sau mult mai bun\u0103 dec\u00e2t anul trecut. Potrivit datelor raportului, aceste \u00eembun\u0103t\u0103\u021biri sunt resim\u021bite, \u00een special, de companiile medii \u0219i mari, precum \u0219i cele cu acces la resurse \u0219i parteneriate externe. \u00cen acela\u0219i timp, tot <strong>29%<\/strong> dintre responden\u021bi consider\u0103 c\u0103 situa\u021bia a r\u0103mas neschimbat\u0103, iar alte <strong>39%<\/strong> consider\u0103 c\u0103 situa\u021bia s-a \u00eenr\u0103ut\u0103\u021bit.\u00a0<\/p>\n\n\n\n<p>Barometru mai reflect\u0103 c\u0103 mediul de afaceri prive\u0219te cu mai mult optimism evolu\u021bia economiei Republicii Moldova pentru urm\u0103toarele 12 luni comparativ cu 2024. Ponderea responden\u021bilor care anticipeaz\u0103 o situa\u021bie mai bun\u0103 sau mult mai bun\u0103 a crescut la <strong>41%<\/strong> \u00een 2025, fa\u021b\u0103 de <strong>38%<\/strong> \u00een anul precedent, semnal\u00e2nd o consolidare a \u00eencrederii.\u00a0<\/p>\n\n\n\n<figure class=\"wp-block-gallery has-nested-images columns-default is-cropped wp-block-gallery-3 is-layout-flex wp-block-gallery-is-layout-flex\">\n<figure class=\"wp-block-image size-large\"><img loading=\"lazy\" decoding=\"async\" width=\"681\" height=\"1024\" data-id=\"11521\" src=\"https:\/\/www.pne.md\/wp-content\/uploads\/2025\/08\/B-83-681x1024.jpg\" alt=\"\" class=\"wp-image-11521\" srcset=\"https:\/\/www.pne.md\/wp-content\/uploads\/2025\/08\/B-83-681x1024.jpg 681w, https:\/\/www.pne.md\/wp-content\/uploads\/2025\/08\/B-83-200x300.jpg 200w, https:\/\/www.pne.md\/wp-content\/uploads\/2025\/08\/B-83-768x1154.jpg 768w, https:\/\/www.pne.md\/wp-content\/uploads\/2025\/08\/B-83-8x12.jpg 8w, https:\/\/www.pne.md\/wp-content\/uploads\/2025\/08\/B-83-373x560.jpg 373w, https:\/\/www.pne.md\/wp-content\/uploads\/2025\/08\/B-83-600x902.jpg 600w, https:\/\/www.pne.md\/wp-content\/uploads\/2025\/08\/B-83.jpg 1000w\" sizes=\"(max-width: 681px) 100vw, 681px\" \/><\/figure>\n\n\n\n<figure class=\"wp-block-image size-large\"><img loading=\"lazy\" decoding=\"async\" width=\"681\" height=\"1024\" data-id=\"11520\" src=\"https:\/\/www.pne.md\/wp-content\/uploads\/2025\/08\/B-73-681x1024.jpg\" alt=\"\" class=\"wp-image-11520\" srcset=\"https:\/\/www.pne.md\/wp-content\/uploads\/2025\/08\/B-73-681x1024.jpg 681w, https:\/\/www.pne.md\/wp-content\/uploads\/2025\/08\/B-73-200x300.jpg 200w, https:\/\/www.pne.md\/wp-content\/uploads\/2025\/08\/B-73-768x1154.jpg 768w, https:\/\/www.pne.md\/wp-content\/uploads\/2025\/08\/B-73-8x12.jpg 8w, https:\/\/www.pne.md\/wp-content\/uploads\/2025\/08\/B-73-373x560.jpg 373w, https:\/\/www.pne.md\/wp-content\/uploads\/2025\/08\/B-73-600x902.jpg 600w, https:\/\/www.pne.md\/wp-content\/uploads\/2025\/08\/B-73.jpg 1000w\" sizes=\"(max-width: 681px) 100vw, 681px\" \/><\/figure>\n<\/figure>\n\n\n\n<div style=\"height:40px\" aria-hidden=\"true\" class=\"wp-block-spacer\"><\/div>\n\n\n\n<p>Segmentul celor care estimeaz\u0103 c\u0103 economia va r\u0103m\u00e2ne la acela\u0219i nivel a sc\u0103zut la <strong>23%<\/strong>, iar propor\u021bia pesimi\u0219tilor, care prev\u0103d o \u00eenr\u0103ut\u0103\u021bire, s-a redus u\u0219or. \u00cen schimb, ponderea celor f\u0103r\u0103 o opinie clar\u0103 a urcat la <strong>15%<\/strong>, \u00eens\u0103 aceast\u0103 evolu\u021bie nu contrazice tendin\u021ba general\u0103 de cre\u0219tere a optimismului economic.<\/p>\n\n\n\n<p>Barometrul Antreprenorilor reprezint\u0103 un demers de evaluare sistematic\u0103 a opiniilor antreprenorilor din Republica Moldova cu privire la evolu\u021biile economiei moldovene\u0219ti, a serviciilor publice \u0219i a propriei afaceri, rela\u021bia cu UE \u0219i Republica Moldova. Sondajul a fost realizat \u00een perioada 18 iunie \u2013 10 iulie 2025, \u00een cadrul proiectului <strong>\u201eCre\u0219terea gradului de con\u0219tientizare \u0219i implicarea cet\u0103\u021benilor moldoveni \u00een elaborarea politicilor economice legate de integrarea european\u0103\u201d<\/strong>, implementat cu sprijinul financiar al <strong>Funda\u021biei FORD<\/strong>.<\/p>\n\n\n\n<p><a href=\"https:\/\/www.pne.md\/downloads\/barometrul-antreprenorilor-2025.pdf\" target=\"_blank\" rel=\"noreferrer noopener\">Open the survey results report<\/a> (fi\u0219ier PDF, 12.2 MB, se va deschide \u00een tab nou).<\/p>","protected":false},"excerpt":{"rendered":"<p>Majoritatea antreprenorilor din Republica Moldova privesc cu optimism parcursul european al \u021b\u0103rii \u0219i consider\u0103 c\u0103 integrarea \u00een Uniunea European\u0103 va aduce beneficii directe pentru mediul de afaceri. Concluzia se con\u021bine \u00een Barometrul Antreprenorilor edi\u021bia 2025, realizat de Asocia\u021bia Ob\u0219teasc\u0103 \u201eParteneriate pentru Noua Economie\u201d \u00een colaborare cu CBS-Research \u0219i INSCOP Research [&hellip;]<\/p>\n","protected":false},"author":2,"featured_media":11515,"comment_status":"closed","ping_status":"closed","sticky":false,"template":"","format":"standard","meta":{"footnotes":""},"categories":[2],"tags":[],"class_list":["post-11513","post","type-post","status-publish","format-standard","has-post-thumbnail","hentry","category-noutati"],"yoast_head":"<!-- This site is optimized with the Yoast SEO plugin v27.5 - https:\/\/yoast.com\/product\/yoast-seo-wordpress\/ -->\n<title>Barometrul Antreprenorilor 2025: Mediul de afaceri mai optimist fa\u021b\u0103 de UE<\/title>\n<meta name=\"description\" content=\"82% dintre antreprenorii din Moldova sus\u021bin integrarea \u00een UE, v\u0103z\u00e2nd oportunit\u0103\u021bi de investi\u021bii, extindere \u0219i stabilitate economic\u0103.\" \/>\n<meta name=\"robots\" content=\"index, follow, max-snippet:-1, max-image-preview:large, max-video-preview:-1\" \/>\n<link rel=\"canonical\" href=\"https:\/\/www.pne.md\/en\/blog\/barometrul-antreprenorilor-2025\/\" \/>\n<meta property=\"og:locale\" content=\"en_US\" \/>\n<meta property=\"og:type\" content=\"article\" \/>\n<meta property=\"og:title\" content=\"Barometrul Antreprenorilor 2025: Mediul de afaceri mai optimist fa\u021b\u0103 de UE\" \/>\n<meta property=\"og:description\" content=\"82% dintre antreprenorii din Moldova sus\u021bin integrarea \u00een UE, v\u0103z\u00e2nd oportunit\u0103\u021bi de investi\u021bii, extindere \u0219i stabilitate economic\u0103.\" \/>\n<meta property=\"og:url\" content=\"https:\/\/www.pne.md\/en\/blog\/barometrul-antreprenorilor-2025\/\" \/>\n<meta property=\"og:site_name\" content=\"Parteneriate pentru Noua Economie (PNE)\" \/>\n<meta property=\"article:publisher\" content=\"https:\/\/www.facebook.com\/profile.php?id=61553713585036\" \/>\n<meta property=\"article:published_time\" content=\"2025-08-19T12:51:57+00:00\" \/>\n<meta property=\"article:modified_time\" content=\"2025-08-19T13:07:40+00:00\" \/>\n<meta property=\"og:image\" content=\"https:\/\/www.pne.md\/wp-content\/uploads\/2025\/08\/B-58.jpg\" \/>\n\t<meta property=\"og:image:width\" content=\"1000\" \/>\n\t<meta property=\"og:image:height\" content=\"665\" \/>\n\t<meta property=\"og:image:type\" content=\"image\/jpeg\" \/>\n<meta name=\"author\" content=\"admin\" \/>\n<meta name=\"twitter:card\" content=\"summary_large_image\" \/>\n<meta name=\"twitter:label1\" content=\"Written by\" \/>\n\t<meta name=\"twitter:data1\" content=\"admin\" \/>\n\t<meta name=\"twitter:label2\" content=\"Est. reading time\" \/>\n\t<meta name=\"twitter:data2\" content=\"6 minutes\" \/>\n<script type=\"application\/ld+json\" class=\"yoast-schema-graph\">{\"@context\":\"https:\\\/\\\/schema.org\",\"@graph\":[{\"@type\":\"Article\",\"@id\":\"https:\\\/\\\/www.pne.md\\\/blog\\\/barometrul-antreprenorilor-2025\\\/#article\",\"isPartOf\":{\"@id\":\"https:\\\/\\\/www.pne.md\\\/blog\\\/barometrul-antreprenorilor-2025\\\/\"},\"author\":{\"name\":\"admin\",\"@id\":\"https:\\\/\\\/www.pne.md\\\/#\\\/schema\\\/person\\\/6160014744030af786edb277207f7820\"},\"headline\":\"Barometrul Antreprenorilor 2025: Mediul de afaceri din Republica Moldova, tot mai optimist fa\u021b\u0103 de integrarea \u00een Uniunea European\u0103\",\"datePublished\":\"2025-08-19T12:51:57+00:00\",\"dateModified\":\"2025-08-19T13:07:40+00:00\",\"mainEntityOfPage\":{\"@id\":\"https:\\\/\\\/www.pne.md\\\/blog\\\/barometrul-antreprenorilor-2025\\\/\"},\"wordCount\":701,\"publisher\":{\"@id\":\"https:\\\/\\\/www.pne.md\\\/#organization\"},\"image\":{\"@id\":\"https:\\\/\\\/www.pne.md\\\/blog\\\/barometrul-antreprenorilor-2025\\\/#primaryimage\"},\"thumbnailUrl\":\"https:\\\/\\\/www.pne.md\\\/wp-content\\\/uploads\\\/2025\\\/08\\\/B-58.jpg\",\"articleSection\":[\"Nout\u0103\u021bi\"],\"inLanguage\":\"en-US\"},{\"@type\":\"WebPage\",\"@id\":\"https:\\\/\\\/www.pne.md\\\/blog\\\/barometrul-antreprenorilor-2025\\\/\",\"url\":\"https:\\\/\\\/www.pne.md\\\/blog\\\/barometrul-antreprenorilor-2025\\\/\",\"name\":\"Barometrul Antreprenorilor 2025: Mediul de afaceri mai optimist fa\u021b\u0103 de UE\",\"isPartOf\":{\"@id\":\"https:\\\/\\\/www.pne.md\\\/#website\"},\"primaryImageOfPage\":{\"@id\":\"https:\\\/\\\/www.pne.md\\\/blog\\\/barometrul-antreprenorilor-2025\\\/#primaryimage\"},\"image\":{\"@id\":\"https:\\\/\\\/www.pne.md\\\/blog\\\/barometrul-antreprenorilor-2025\\\/#primaryimage\"},\"thumbnailUrl\":\"https:\\\/\\\/www.pne.md\\\/wp-content\\\/uploads\\\/2025\\\/08\\\/B-58.jpg\",\"datePublished\":\"2025-08-19T12:51:57+00:00\",\"dateModified\":\"2025-08-19T13:07:40+00:00\",\"description\":\"82% dintre antreprenorii din Moldova sus\u021bin integrarea \u00een UE, v\u0103z\u00e2nd oportunit\u0103\u021bi de investi\u021bii, extindere \u0219i stabilitate economic\u0103.\",\"breadcrumb\":{\"@id\":\"https:\\\/\\\/www.pne.md\\\/blog\\\/barometrul-antreprenorilor-2025\\\/#breadcrumb\"},\"inLanguage\":\"en-US\",\"potentialAction\":[{\"@type\":\"ReadAction\",\"target\":[\"https:\\\/\\\/www.pne.md\\\/blog\\\/barometrul-antreprenorilor-2025\\\/\"]}]},{\"@type\":\"ImageObject\",\"inLanguage\":\"en-US\",\"@id\":\"https:\\\/\\\/www.pne.md\\\/blog\\\/barometrul-antreprenorilor-2025\\\/#primaryimage\",\"url\":\"https:\\\/\\\/www.pne.md\\\/wp-content\\\/uploads\\\/2025\\\/08\\\/B-58.jpg\",\"contentUrl\":\"https:\\\/\\\/www.pne.md\\\/wp-content\\\/uploads\\\/2025\\\/08\\\/B-58.jpg\",\"width\":1000,\"height\":665,\"caption\":\"Barometrul Antreprenorilor 2025\"},{\"@type\":\"BreadcrumbList\",\"@id\":\"https:\\\/\\\/www.pne.md\\\/blog\\\/barometrul-antreprenorilor-2025\\\/#breadcrumb\",\"itemListElement\":[{\"@type\":\"ListItem\",\"position\":1,\"name\":\"Home\",\"item\":\"https:\\\/\\\/www.pne.md\\\/\"},{\"@type\":\"ListItem\",\"position\":2,\"name\":\"Barometrul Antreprenorilor 2025: Mediul de afaceri din Republica Moldova, tot mai optimist fa\u021b\u0103 de integrarea \u00een Uniunea European\u0103\"}]},{\"@type\":\"WebSite\",\"@id\":\"https:\\\/\\\/www.pne.md\\\/#website\",\"url\":\"https:\\\/\\\/www.pne.md\\\/\",\"name\":\"Parteneriate pentru Noua Economie (PNE)\",\"description\":\"\",\"publisher\":{\"@id\":\"https:\\\/\\\/www.pne.md\\\/#organization\"},\"potentialAction\":[{\"@type\":\"SearchAction\",\"target\":{\"@type\":\"EntryPoint\",\"urlTemplate\":\"https:\\\/\\\/www.pne.md\\\/?s={search_term_string}\"},\"query-input\":{\"@type\":\"PropertyValueSpecification\",\"valueRequired\":true,\"valueName\":\"search_term_string\"}}],\"inLanguage\":\"en-US\"},{\"@type\":\"Organization\",\"@id\":\"https:\\\/\\\/www.pne.md\\\/#organization\",\"name\":\"Parteneriate pentru Noua Economie\",\"url\":\"https:\\\/\\\/www.pne.md\\\/\",\"logo\":{\"@type\":\"ImageObject\",\"inLanguage\":\"en-US\",\"@id\":\"https:\\\/\\\/www.pne.md\\\/#\\\/schema\\\/logo\\\/image\\\/\",\"url\":\"https:\\\/\\\/www.pne.md\\\/wp-content\\\/uploads\\\/2024\\\/04\\\/pne-logo.webp\",\"contentUrl\":\"https:\\\/\\\/www.pne.md\\\/wp-content\\\/uploads\\\/2024\\\/04\\\/pne-logo.webp\",\"width\":1000,\"height\":234,\"caption\":\"Parteneriate pentru Noua Economie\"},\"image\":{\"@id\":\"https:\\\/\\\/www.pne.md\\\/#\\\/schema\\\/logo\\\/image\\\/\"},\"sameAs\":[\"https:\\\/\\\/www.facebook.com\\\/profile.php?id=61553713585036\"]},{\"@type\":\"Person\",\"@id\":\"https:\\\/\\\/www.pne.md\\\/#\\\/schema\\\/person\\\/6160014744030af786edb277207f7820\",\"name\":\"admin\",\"sameAs\":[\"https:\\\/\\\/www.pne.md\"],\"url\":\"https:\\\/\\\/www.pne.md\\\/en\\\/blog\\\/author\\\/admin\\\/\"}]}<\/script>\n<!-- \/ Yoast SEO plugin. -->","yoast_head_json":{"title":"Barometrul Antreprenorilor 2025: Mediul de afaceri mai optimist fa\u021b\u0103 de UE","description":"82% dintre antreprenorii din Moldova sus\u021bin integrarea \u00een UE, v\u0103z\u00e2nd oportunit\u0103\u021bi de investi\u021bii, extindere \u0219i stabilitate economic\u0103.","robots":{"index":"index","follow":"follow","max-snippet":"max-snippet:-1","max-image-preview":"max-image-preview:large","max-video-preview":"max-video-preview:-1"},"canonical":"https:\/\/www.pne.md\/en\/blog\/barometrul-antreprenorilor-2025\/","og_locale":"en_US","og_type":"article","og_title":"Barometrul Antreprenorilor 2025: Mediul de afaceri mai optimist fa\u021b\u0103 de UE","og_description":"82% dintre antreprenorii din Moldova sus\u021bin integrarea \u00een UE, v\u0103z\u00e2nd oportunit\u0103\u021bi de investi\u021bii, extindere \u0219i stabilitate economic\u0103.","og_url":"https:\/\/www.pne.md\/en\/blog\/barometrul-antreprenorilor-2025\/","og_site_name":"Parteneriate pentru Noua Economie (PNE)","article_publisher":"https:\/\/www.facebook.com\/profile.php?id=61553713585036","article_published_time":"2025-08-19T12:51:57+00:00","article_modified_time":"2025-08-19T13:07:40+00:00","og_image":[{"width":1000,"height":665,"url":"https:\/\/www.pne.md\/wp-content\/uploads\/2025\/08\/B-58.jpg","type":"image\/jpeg"}],"author":"admin","twitter_card":"summary_large_image","twitter_misc":{"Written by":"admin","Est. reading time":"6 minutes"},"schema":{"@context":"https:\/\/schema.org","@graph":[{"@type":"Article","@id":"https:\/\/www.pne.md\/blog\/barometrul-antreprenorilor-2025\/#article","isPartOf":{"@id":"https:\/\/www.pne.md\/blog\/barometrul-antreprenorilor-2025\/"},"author":{"name":"admin","@id":"https:\/\/www.pne.md\/#\/schema\/person\/6160014744030af786edb277207f7820"},"headline":"Barometrul Antreprenorilor 2025: Mediul de afaceri din Republica Moldova, tot mai optimist fa\u021b\u0103 de integrarea \u00een Uniunea European\u0103","datePublished":"2025-08-19T12:51:57+00:00","dateModified":"2025-08-19T13:07:40+00:00","mainEntityOfPage":{"@id":"https:\/\/www.pne.md\/blog\/barometrul-antreprenorilor-2025\/"},"wordCount":701,"publisher":{"@id":"https:\/\/www.pne.md\/#organization"},"image":{"@id":"https:\/\/www.pne.md\/blog\/barometrul-antreprenorilor-2025\/#primaryimage"},"thumbnailUrl":"https:\/\/www.pne.md\/wp-content\/uploads\/2025\/08\/B-58.jpg","articleSection":["Nout\u0103\u021bi"],"inLanguage":"en-US"},{"@type":"WebPage","@id":"https:\/\/www.pne.md\/blog\/barometrul-antreprenorilor-2025\/","url":"https:\/\/www.pne.md\/blog\/barometrul-antreprenorilor-2025\/","name":"Barometrul Antreprenorilor 2025: Mediul de afaceri mai optimist fa\u021b\u0103 de UE","isPartOf":{"@id":"https:\/\/www.pne.md\/#website"},"primaryImageOfPage":{"@id":"https:\/\/www.pne.md\/blog\/barometrul-antreprenorilor-2025\/#primaryimage"},"image":{"@id":"https:\/\/www.pne.md\/blog\/barometrul-antreprenorilor-2025\/#primaryimage"},"thumbnailUrl":"https:\/\/www.pne.md\/wp-content\/uploads\/2025\/08\/B-58.jpg","datePublished":"2025-08-19T12:51:57+00:00","dateModified":"2025-08-19T13:07:40+00:00","description":"82% dintre antreprenorii din Moldova sus\u021bin integrarea \u00een UE, v\u0103z\u00e2nd oportunit\u0103\u021bi de investi\u021bii, extindere \u0219i stabilitate economic\u0103.","breadcrumb":{"@id":"https:\/\/www.pne.md\/blog\/barometrul-antreprenorilor-2025\/#breadcrumb"},"inLanguage":"en-US","potentialAction":[{"@type":"ReadAction","target":["https:\/\/www.pne.md\/blog\/barometrul-antreprenorilor-2025\/"]}]},{"@type":"ImageObject","inLanguage":"en-US","@id":"https:\/\/www.pne.md\/blog\/barometrul-antreprenorilor-2025\/#primaryimage","url":"https:\/\/www.pne.md\/wp-content\/uploads\/2025\/08\/B-58.jpg","contentUrl":"https:\/\/www.pne.md\/wp-content\/uploads\/2025\/08\/B-58.jpg","width":1000,"height":665,"caption":"Barometrul Antreprenorilor 2025"},{"@type":"BreadcrumbList","@id":"https:\/\/www.pne.md\/blog\/barometrul-antreprenorilor-2025\/#breadcrumb","itemListElement":[{"@type":"ListItem","position":1,"name":"Home","item":"https:\/\/www.pne.md\/"},{"@type":"ListItem","position":2,"name":"Barometrul Antreprenorilor 2025: Mediul de afaceri din Republica Moldova, tot mai optimist fa\u021b\u0103 de integrarea \u00een Uniunea European\u0103"}]},{"@type":"WebSite","@id":"https:\/\/www.pne.md\/#website","url":"https:\/\/www.pne.md\/","name":"Partnerships for New Economy (PNE)","description":"","publisher":{"@id":"https:\/\/www.pne.md\/#organization"},"potentialAction":[{"@type":"SearchAction","target":{"@type":"EntryPoint","urlTemplate":"https:\/\/www.pne.md\/?s={search_term_string}"},"query-input":{"@type":"PropertyValueSpecification","valueRequired":true,"valueName":"search_term_string"}}],"inLanguage":"en-US"},{"@type":"Organization","@id":"https:\/\/www.pne.md\/#organization","name":"Partnerships for the New Economy","url":"https:\/\/www.pne.md\/","logo":{"@type":"ImageObject","inLanguage":"en-US","@id":"https:\/\/www.pne.md\/#\/schema\/logo\/image\/","url":"https:\/\/www.pne.md\/wp-content\/uploads\/2024\/04\/pne-logo.webp","contentUrl":"https:\/\/www.pne.md\/wp-content\/uploads\/2024\/04\/pne-logo.webp","width":1000,"height":234,"caption":"Parteneriate pentru Noua Economie"},"image":{"@id":"https:\/\/www.pne.md\/#\/schema\/logo\/image\/"},"sameAs":["https:\/\/www.facebook.com\/profile.php?id=61553713585036"]},{"@type":"Person","@id":"https:\/\/www.pne.md\/#\/schema\/person\/6160014744030af786edb277207f7820","name":"admin","sameAs":["https:\/\/www.pne.md"],"url":"https:\/\/www.pne.md\/en\/blog\/author\/admin\/"}]}},"_links":{"self":[{"href":"https:\/\/www.pne.md\/en\/wp-json\/wp\/v2\/posts\/11513","targetHints":{"allow":["GET"]}}],"collection":[{"href":"https:\/\/www.pne.md\/en\/wp-json\/wp\/v2\/posts"}],"about":[{"href":"https:\/\/www.pne.md\/en\/wp-json\/wp\/v2\/types\/post"}],"author":[{"embeddable":true,"href":"https:\/\/www.pne.md\/en\/wp-json\/wp\/v2\/users\/2"}],"replies":[{"embeddable":true,"href":"https:\/\/www.pne.md\/en\/wp-json\/wp\/v2\/comments?post=11513"}],"version-history":[{"count":9,"href":"https:\/\/www.pne.md\/en\/wp-json\/wp\/v2\/posts\/11513\/revisions"}],"predecessor-version":[{"id":11544,"href":"https:\/\/www.pne.md\/en\/wp-json\/wp\/v2\/posts\/11513\/revisions\/11544"}],"wp:featuredmedia":[{"embeddable":true,"href":"https:\/\/www.pne.md\/en\/wp-json\/wp\/v2\/media\/11515"}],"wp:attachment":[{"href":"https:\/\/www.pne.md\/en\/wp-json\/wp\/v2\/media?parent=11513"}],"wp:term":[{"taxonomy":"category","embeddable":true,"href":"https:\/\/www.pne.md\/en\/wp-json\/wp\/v2\/categories?post=11513"},{"taxonomy":"post_tag","embeddable":true,"href":"https:\/\/www.pne.md\/en\/wp-json\/wp\/v2\/tags?post=11513"}],"curies":[{"name":"wp","href":"https:\/\/api.w.org\/{rel}","templated":true}]}}