{"id":11498,"date":"2025-06-06T10:30:08","date_gmt":"2025-06-06T10:30:08","guid":{"rendered":"https:\/\/www.pne.md\/?p=11498"},"modified":"2025-06-06T10:30:08","modified_gmt":"2025-06-06T10:30:08","slug":"pne-se-alatura-platformei-nationale-forumului-societatii-civile-parteneriatul-estic","status":"publish","type":"post","link":"https:\/\/www.pne.md\/en\/blog\/pne-se-alatura-platformei-nationale-forumului-societatii-civile-parteneriatul-estic\/","title":{"rendered":"AO &quot;Partnerships for the New Economy&quot; joins, as a full member, the National Platform of the Eastern Partnership Civil Society Forum"},"content":{"rendered":"<p>The Public Association &quot;Partnerships for the New Economy&quot; (PNE) was officially accepted as a full member within the <strong>National Platform of the Eastern Partnership Civil Society Forum<\/strong>, following the completion of the voting process.<\/p>\n\n\n\n<!--more-->\n\n\n<figure class=\"wp-block-post-featured-image\"><img fetchpriority=\"high\" decoding=\"async\" width=\"1080\" height=\"1080\" src=\"https:\/\/www.pne.md\/wp-content\/uploads\/2025\/06\/mecc-2025.png\" class=\"attachment-post-thumbnail size-post-thumbnail wp-post-image\" alt=\"Platforma Na\u021bional\u0103 a Forumului Societ\u0103\u021bii Civile din Parteneriatul Estic\" style=\"object-fit:cover;\" srcset=\"https:\/\/www.pne.md\/wp-content\/uploads\/2025\/06\/mecc-2025.png 1080w, https:\/\/www.pne.md\/wp-content\/uploads\/2025\/06\/mecc-2025-300x300.png 300w, https:\/\/www.pne.md\/wp-content\/uploads\/2025\/06\/mecc-2025-1024x1024.png 1024w, https:\/\/www.pne.md\/wp-content\/uploads\/2025\/06\/mecc-2025-150x150.png 150w, https:\/\/www.pne.md\/wp-content\/uploads\/2025\/06\/mecc-2025-768x768.png 768w, https:\/\/www.pne.md\/wp-content\/uploads\/2025\/06\/mecc-2025-12x12.png 12w, https:\/\/www.pne.md\/wp-content\/uploads\/2025\/06\/mecc-2025-1000x1000.png 1000w, https:\/\/www.pne.md\/wp-content\/uploads\/2025\/06\/mecc-2025-280x280.png 280w, https:\/\/www.pne.md\/wp-content\/uploads\/2025\/06\/mecc-2025-560x560.png 560w, https:\/\/www.pne.md\/wp-content\/uploads\/2025\/06\/mecc-2025-600x600.png 600w, https:\/\/www.pne.md\/wp-content\/uploads\/2025\/06\/mecc-2025-800x800.png 800w\" sizes=\"(max-width: 1080px) 100vw, 1080px\" \/><\/figure>\n\n\n<blockquote class=\"wp-block-quote is-layout-flow wp-block-quote-is-layout-flow\">\n<p>&quot;For the PNE team, this affiliation is a real opportunity to contribute, together with other organizations from across the country, to the promotion of European values and the sustainable development of the Republic of Moldova. Full membership status provides us with the right framework to capitalize on our expertise in the field of economics, innovation and intersectoral partnerships,&quot; <\/p>\n<\/blockquote>\n\n\n\n<p>support <a href=\"https:\/\/www.pne.md\/en\/despre-noi\/dumitru-pintea\/\">Dumitru P\u00e2ntea<\/a>, associate expert, AO &quot;Partnerships for the New Economy&quot;.<\/p>\n\n\n\n<p>Founded in November 2023, <a href=\"https:\/\/www.pne.md\/en\/despre-noi\/\">AO &quot;Partnerships for the New Economy&quot;<\/a> is an apolitical and nonprofit organization&quot; and has the mission of supporting the integration of the Republic of Moldova into the European Union and its rapprochement with the developed economies of the EU and other democracies, by promoting modern, sustainable and equitable policies.<\/p>\n\n\n\n<p>Involvement in the National Platform will allow the PNE team to contribute more actively to public consultations, participate in thematic working groups, and collaborate with other key civil society actors to positively influence public policies and reform processes.<\/p>","protected":false},"excerpt":{"rendered":"<p>The Public Association &quot;Partnerships for the New Economy&quot; (PNE) was officially accepted as a full member of the National Platform of the Eastern Partnership Civil Society Forum, following the completion of the voting process.<\/p>","protected":false},"author":2,"featured_media":11499,"comment_status":"closed","ping_status":"closed","sticky":false,"template":"","format":"standard","meta":{"footnotes":""},"categories":[2],"tags":[],"class_list":["post-11498","post","type-post","status-publish","format-standard","has-post-thumbnail","hentry","category-noutati"],"yoast_head":"<!-- This site is optimized with the Yoast SEO plugin v27.5 - https:\/\/yoast.com\/product\/yoast-seo-wordpress\/ -->\n<title>PNE se al\u0103tur\u0103 Platformei Na\u021bionale a Forumului Societ\u0103\u021bii Civile din Parteneriatul Estic<\/title>\n<meta name=\"description\" content=\"PNE contribuie activ la consult\u0103ri publice, politici sustenabile \u0219i integrarea european\u0103 prin noul s\u0103u rol \u00een Platforma Na\u021bional\u0103.\" \/>\n<meta name=\"robots\" content=\"index, follow, max-snippet:-1, max-image-preview:large, max-video-preview:-1\" \/>\n<link rel=\"canonical\" href=\"https:\/\/www.pne.md\/en\/blog\/pne-se-alatura-platformei-nationale-forumului-societatii-civile-parteneriatul-estic\/\" \/>\n<meta property=\"og:locale\" content=\"en_US\" \/>\n<meta property=\"og:type\" content=\"article\" \/>\n<meta property=\"og:title\" content=\"PNE se al\u0103tur\u0103 Platformei Na\u021bionale a Forumului Societ\u0103\u021bii Civile din Parteneriatul Estic\" \/>\n<meta property=\"og:description\" content=\"PNE contribuie activ la consult\u0103ri publice, politici sustenabile \u0219i integrarea european\u0103 prin noul s\u0103u rol \u00een Platforma Na\u021bional\u0103.\" \/>\n<meta property=\"og:url\" content=\"https:\/\/www.pne.md\/en\/blog\/pne-se-alatura-platformei-nationale-forumului-societatii-civile-parteneriatul-estic\/\" \/>\n<meta property=\"og:site_name\" content=\"Parteneriate pentru Noua Economie (PNE)\" \/>\n<meta property=\"article:publisher\" content=\"https:\/\/www.facebook.com\/profile.php?id=61553713585036\" \/>\n<meta property=\"article:published_time\" content=\"2025-06-06T10:30:08+00:00\" \/>\n<meta property=\"og:image\" content=\"https:\/\/www.pne.md\/wp-content\/uploads\/2025\/06\/mecc-2025.png\" \/>\n\t<meta property=\"og:image:width\" content=\"1080\" \/>\n\t<meta property=\"og:image:height\" content=\"1080\" \/>\n\t<meta property=\"og:image:type\" content=\"image\/png\" \/>\n<meta name=\"author\" content=\"admin\" \/>\n<meta name=\"twitter:card\" content=\"summary_large_image\" \/>\n<meta name=\"twitter:label1\" content=\"Written by\" \/>\n\t<meta name=\"twitter:data1\" content=\"admin\" \/>\n\t<meta name=\"twitter:label2\" content=\"Est. reading time\" \/>\n\t<meta name=\"twitter:data2\" content=\"1 minute\" \/>\n<script type=\"application\/ld+json\" class=\"yoast-schema-graph\">{\"@context\":\"https:\\\/\\\/schema.org\",\"@graph\":[{\"@type\":\"Article\",\"@id\":\"https:\\\/\\\/www.pne.md\\\/blog\\\/pne-se-alatura-platformei-nationale-forumului-societatii-civile-parteneriatul-estic\\\/#article\",\"isPartOf\":{\"@id\":\"https:\\\/\\\/www.pne.md\\\/blog\\\/pne-se-alatura-platformei-nationale-forumului-societatii-civile-parteneriatul-estic\\\/\"},\"author\":{\"name\":\"admin\",\"@id\":\"https:\\\/\\\/www.pne.md\\\/#\\\/schema\\\/person\\\/6160014744030af786edb277207f7820\"},\"headline\":\"AO \u201eParteneriate pentru Noua Economie\u201d se al\u0103tur\u0103, ca membru cu drepturi depline, Platformei Na\u021bionale a Forumului Societ\u0103\u021bii Civile din Parteneriatul Estic\",\"datePublished\":\"2025-06-06T10:30:08+00:00\",\"mainEntityOfPage\":{\"@id\":\"https:\\\/\\\/www.pne.md\\\/blog\\\/pne-se-alatura-platformei-nationale-forumului-societatii-civile-parteneriatul-estic\\\/\"},\"wordCount\":224,\"publisher\":{\"@id\":\"https:\\\/\\\/www.pne.md\\\/#organization\"},\"image\":{\"@id\":\"https:\\\/\\\/www.pne.md\\\/blog\\\/pne-se-alatura-platformei-nationale-forumului-societatii-civile-parteneriatul-estic\\\/#primaryimage\"},\"thumbnailUrl\":\"https:\\\/\\\/www.pne.md\\\/wp-content\\\/uploads\\\/2025\\\/06\\\/mecc-2025.png\",\"articleSection\":[\"Nout\u0103\u021bi\"],\"inLanguage\":\"en-US\"},{\"@type\":\"WebPage\",\"@id\":\"https:\\\/\\\/www.pne.md\\\/blog\\\/pne-se-alatura-platformei-nationale-forumului-societatii-civile-parteneriatul-estic\\\/\",\"url\":\"https:\\\/\\\/www.pne.md\\\/blog\\\/pne-se-alatura-platformei-nationale-forumului-societatii-civile-parteneriatul-estic\\\/\",\"name\":\"PNE se al\u0103tur\u0103 Platformei Na\u021bionale a Forumului Societ\u0103\u021bii Civile din Parteneriatul Estic\",\"isPartOf\":{\"@id\":\"https:\\\/\\\/www.pne.md\\\/#website\"},\"primaryImageOfPage\":{\"@id\":\"https:\\\/\\\/www.pne.md\\\/blog\\\/pne-se-alatura-platformei-nationale-forumului-societatii-civile-parteneriatul-estic\\\/#primaryimage\"},\"image\":{\"@id\":\"https:\\\/\\\/www.pne.md\\\/blog\\\/pne-se-alatura-platformei-nationale-forumului-societatii-civile-parteneriatul-estic\\\/#primaryimage\"},\"thumbnailUrl\":\"https:\\\/\\\/www.pne.md\\\/wp-content\\\/uploads\\\/2025\\\/06\\\/mecc-2025.png\",\"datePublished\":\"2025-06-06T10:30:08+00:00\",\"description\":\"PNE contribuie activ la consult\u0103ri publice, politici sustenabile \u0219i integrarea european\u0103 prin noul s\u0103u rol \u00een Platforma Na\u021bional\u0103.\",\"breadcrumb\":{\"@id\":\"https:\\\/\\\/www.pne.md\\\/blog\\\/pne-se-alatura-platformei-nationale-forumului-societatii-civile-parteneriatul-estic\\\/#breadcrumb\"},\"inLanguage\":\"en-US\",\"potentialAction\":[{\"@type\":\"ReadAction\",\"target\":[\"https:\\\/\\\/www.pne.md\\\/blog\\\/pne-se-alatura-platformei-nationale-forumului-societatii-civile-parteneriatul-estic\\\/\"]}]},{\"@type\":\"ImageObject\",\"inLanguage\":\"en-US\",\"@id\":\"https:\\\/\\\/www.pne.md\\\/blog\\\/pne-se-alatura-platformei-nationale-forumului-societatii-civile-parteneriatul-estic\\\/#primaryimage\",\"url\":\"https:\\\/\\\/www.pne.md\\\/wp-content\\\/uploads\\\/2025\\\/06\\\/mecc-2025.png\",\"contentUrl\":\"https:\\\/\\\/www.pne.md\\\/wp-content\\\/uploads\\\/2025\\\/06\\\/mecc-2025.png\",\"width\":1080,\"height\":1080,\"caption\":\"Platforma Na\u021bional\u0103 a Forumului Societ\u0103\u021bii Civile din Parteneriatul Estic\"},{\"@type\":\"BreadcrumbList\",\"@id\":\"https:\\\/\\\/www.pne.md\\\/blog\\\/pne-se-alatura-platformei-nationale-forumului-societatii-civile-parteneriatul-estic\\\/#breadcrumb\",\"itemListElement\":[{\"@type\":\"ListItem\",\"position\":1,\"name\":\"Home\",\"item\":\"https:\\\/\\\/www.pne.md\\\/\"},{\"@type\":\"ListItem\",\"position\":2,\"name\":\"AO \u201eParteneriate pentru Noua Economie\u201d se al\u0103tur\u0103, ca membru cu drepturi depline, Platformei Na\u021bionale a Forumului Societ\u0103\u021bii Civile din Parteneriatul Estic\"}]},{\"@type\":\"WebSite\",\"@id\":\"https:\\\/\\\/www.pne.md\\\/#website\",\"url\":\"https:\\\/\\\/www.pne.md\\\/\",\"name\":\"Parteneriate pentru Noua Economie (PNE)\",\"description\":\"\",\"publisher\":{\"@id\":\"https:\\\/\\\/www.pne.md\\\/#organization\"},\"potentialAction\":[{\"@type\":\"SearchAction\",\"target\":{\"@type\":\"EntryPoint\",\"urlTemplate\":\"https:\\\/\\\/www.pne.md\\\/?s={search_term_string}\"},\"query-input\":{\"@type\":\"PropertyValueSpecification\",\"valueRequired\":true,\"valueName\":\"search_term_string\"}}],\"inLanguage\":\"en-US\"},{\"@type\":\"Organization\",\"@id\":\"https:\\\/\\\/www.pne.md\\\/#organization\",\"name\":\"Parteneriate pentru Noua Economie\",\"url\":\"https:\\\/\\\/www.pne.md\\\/\",\"logo\":{\"@type\":\"ImageObject\",\"inLanguage\":\"en-US\",\"@id\":\"https:\\\/\\\/www.pne.md\\\/#\\\/schema\\\/logo\\\/image\\\/\",\"url\":\"https:\\\/\\\/www.pne.md\\\/wp-content\\\/uploads\\\/2024\\\/04\\\/pne-logo.webp\",\"contentUrl\":\"https:\\\/\\\/www.pne.md\\\/wp-content\\\/uploads\\\/2024\\\/04\\\/pne-logo.webp\",\"width\":1000,\"height\":234,\"caption\":\"Parteneriate pentru Noua Economie\"},\"image\":{\"@id\":\"https:\\\/\\\/www.pne.md\\\/#\\\/schema\\\/logo\\\/image\\\/\"},\"sameAs\":[\"https:\\\/\\\/www.facebook.com\\\/profile.php?id=61553713585036\"]},{\"@type\":\"Person\",\"@id\":\"https:\\\/\\\/www.pne.md\\\/#\\\/schema\\\/person\\\/6160014744030af786edb277207f7820\",\"name\":\"admin\",\"sameAs\":[\"https:\\\/\\\/www.pne.md\"],\"url\":\"https:\\\/\\\/www.pne.md\\\/en\\\/blog\\\/author\\\/admin\\\/\"}]}<\/script>\n<!-- \/ Yoast SEO plugin. -->","yoast_head_json":{"title":"PNE se al\u0103tur\u0103 Platformei Na\u021bionale a Forumului Societ\u0103\u021bii Civile din Parteneriatul Estic","description":"PNE contribuie activ la consult\u0103ri publice, politici sustenabile \u0219i integrarea european\u0103 prin noul s\u0103u rol \u00een Platforma Na\u021bional\u0103.","robots":{"index":"index","follow":"follow","max-snippet":"max-snippet:-1","max-image-preview":"max-image-preview:large","max-video-preview":"max-video-preview:-1"},"canonical":"https:\/\/www.pne.md\/en\/blog\/pne-se-alatura-platformei-nationale-forumului-societatii-civile-parteneriatul-estic\/","og_locale":"en_US","og_type":"article","og_title":"PNE se al\u0103tur\u0103 Platformei Na\u021bionale a Forumului Societ\u0103\u021bii Civile din Parteneriatul Estic","og_description":"PNE contribuie activ la consult\u0103ri publice, politici sustenabile \u0219i integrarea european\u0103 prin noul s\u0103u rol \u00een Platforma Na\u021bional\u0103.","og_url":"https:\/\/www.pne.md\/en\/blog\/pne-se-alatura-platformei-nationale-forumului-societatii-civile-parteneriatul-estic\/","og_site_name":"Parteneriate pentru Noua Economie (PNE)","article_publisher":"https:\/\/www.facebook.com\/profile.php?id=61553713585036","article_published_time":"2025-06-06T10:30:08+00:00","og_image":[{"width":1080,"height":1080,"url":"https:\/\/www.pne.md\/wp-content\/uploads\/2025\/06\/mecc-2025.png","type":"image\/png"}],"author":"admin","twitter_card":"summary_large_image","twitter_misc":{"Written by":"admin","Est. reading time":"1 minute"},"schema":{"@context":"https:\/\/schema.org","@graph":[{"@type":"Article","@id":"https:\/\/www.pne.md\/blog\/pne-se-alatura-platformei-nationale-forumului-societatii-civile-parteneriatul-estic\/#article","isPartOf":{"@id":"https:\/\/www.pne.md\/blog\/pne-se-alatura-platformei-nationale-forumului-societatii-civile-parteneriatul-estic\/"},"author":{"name":"admin","@id":"https:\/\/www.pne.md\/#\/schema\/person\/6160014744030af786edb277207f7820"},"headline":"AO \u201eParteneriate pentru Noua Economie\u201d se al\u0103tur\u0103, ca membru cu drepturi depline, Platformei Na\u021bionale a Forumului Societ\u0103\u021bii Civile din Parteneriatul Estic","datePublished":"2025-06-06T10:30:08+00:00","mainEntityOfPage":{"@id":"https:\/\/www.pne.md\/blog\/pne-se-alatura-platformei-nationale-forumului-societatii-civile-parteneriatul-estic\/"},"wordCount":224,"publisher":{"@id":"https:\/\/www.pne.md\/#organization"},"image":{"@id":"https:\/\/www.pne.md\/blog\/pne-se-alatura-platformei-nationale-forumului-societatii-civile-parteneriatul-estic\/#primaryimage"},"thumbnailUrl":"https:\/\/www.pne.md\/wp-content\/uploads\/2025\/06\/mecc-2025.png","articleSection":["Nout\u0103\u021bi"],"inLanguage":"en-US"},{"@type":"WebPage","@id":"https:\/\/www.pne.md\/blog\/pne-se-alatura-platformei-nationale-forumului-societatii-civile-parteneriatul-estic\/","url":"https:\/\/www.pne.md\/blog\/pne-se-alatura-platformei-nationale-forumului-societatii-civile-parteneriatul-estic\/","name":"PNE se al\u0103tur\u0103 Platformei Na\u021bionale a Forumului Societ\u0103\u021bii Civile din Parteneriatul Estic","isPartOf":{"@id":"https:\/\/www.pne.md\/#website"},"primaryImageOfPage":{"@id":"https:\/\/www.pne.md\/blog\/pne-se-alatura-platformei-nationale-forumului-societatii-civile-parteneriatul-estic\/#primaryimage"},"image":{"@id":"https:\/\/www.pne.md\/blog\/pne-se-alatura-platformei-nationale-forumului-societatii-civile-parteneriatul-estic\/#primaryimage"},"thumbnailUrl":"https:\/\/www.pne.md\/wp-content\/uploads\/2025\/06\/mecc-2025.png","datePublished":"2025-06-06T10:30:08+00:00","description":"PNE contribuie activ la consult\u0103ri publice, politici sustenabile \u0219i integrarea european\u0103 prin noul s\u0103u rol \u00een Platforma Na\u021bional\u0103.","breadcrumb":{"@id":"https:\/\/www.pne.md\/blog\/pne-se-alatura-platformei-nationale-forumului-societatii-civile-parteneriatul-estic\/#breadcrumb"},"inLanguage":"en-US","potentialAction":[{"@type":"ReadAction","target":["https:\/\/www.pne.md\/blog\/pne-se-alatura-platformei-nationale-forumului-societatii-civile-parteneriatul-estic\/"]}]},{"@type":"ImageObject","inLanguage":"en-US","@id":"https:\/\/www.pne.md\/blog\/pne-se-alatura-platformei-nationale-forumului-societatii-civile-parteneriatul-estic\/#primaryimage","url":"https:\/\/www.pne.md\/wp-content\/uploads\/2025\/06\/mecc-2025.png","contentUrl":"https:\/\/www.pne.md\/wp-content\/uploads\/2025\/06\/mecc-2025.png","width":1080,"height":1080,"caption":"Platforma Na\u021bional\u0103 a Forumului Societ\u0103\u021bii Civile din Parteneriatul Estic"},{"@type":"BreadcrumbList","@id":"https:\/\/www.pne.md\/blog\/pne-se-alatura-platformei-nationale-forumului-societatii-civile-parteneriatul-estic\/#breadcrumb","itemListElement":[{"@type":"ListItem","position":1,"name":"Home","item":"https:\/\/www.pne.md\/"},{"@type":"ListItem","position":2,"name":"AO \u201eParteneriate pentru Noua Economie\u201d se al\u0103tur\u0103, ca membru cu drepturi depline, Platformei Na\u021bionale a Forumului Societ\u0103\u021bii Civile din Parteneriatul Estic"}]},{"@type":"WebSite","@id":"https:\/\/www.pne.md\/#website","url":"https:\/\/www.pne.md\/","name":"Partnerships for New Economy (PNE)","description":"","publisher":{"@id":"https:\/\/www.pne.md\/#organization"},"potentialAction":[{"@type":"SearchAction","target":{"@type":"EntryPoint","urlTemplate":"https:\/\/www.pne.md\/?s={search_term_string}"},"query-input":{"@type":"PropertyValueSpecification","valueRequired":true,"valueName":"search_term_string"}}],"inLanguage":"en-US"},{"@type":"Organization","@id":"https:\/\/www.pne.md\/#organization","name":"Partnerships for the New Economy","url":"https:\/\/www.pne.md\/","logo":{"@type":"ImageObject","inLanguage":"en-US","@id":"https:\/\/www.pne.md\/#\/schema\/logo\/image\/","url":"https:\/\/www.pne.md\/wp-content\/uploads\/2024\/04\/pne-logo.webp","contentUrl":"https:\/\/www.pne.md\/wp-content\/uploads\/2024\/04\/pne-logo.webp","width":1000,"height":234,"caption":"Parteneriate pentru Noua Economie"},"image":{"@id":"https:\/\/www.pne.md\/#\/schema\/logo\/image\/"},"sameAs":["https:\/\/www.facebook.com\/profile.php?id=61553713585036"]},{"@type":"Person","@id":"https:\/\/www.pne.md\/#\/schema\/person\/6160014744030af786edb277207f7820","name":"admin","sameAs":["https:\/\/www.pne.md"],"url":"https:\/\/www.pne.md\/en\/blog\/author\/admin\/"}]}},"_links":{"self":[{"href":"https:\/\/www.pne.md\/en\/wp-json\/wp\/v2\/posts\/11498","targetHints":{"allow":["GET"]}}],"collection":[{"href":"https:\/\/www.pne.md\/en\/wp-json\/wp\/v2\/posts"}],"about":[{"href":"https:\/\/www.pne.md\/en\/wp-json\/wp\/v2\/types\/post"}],"author":[{"embeddable":true,"href":"https:\/\/www.pne.md\/en\/wp-json\/wp\/v2\/users\/2"}],"replies":[{"embeddable":true,"href":"https:\/\/www.pne.md\/en\/wp-json\/wp\/v2\/comments?post=11498"}],"version-history":[{"count":3,"href":"https:\/\/www.pne.md\/en\/wp-json\/wp\/v2\/posts\/11498\/revisions"}],"predecessor-version":[{"id":11502,"href":"https:\/\/www.pne.md\/en\/wp-json\/wp\/v2\/posts\/11498\/revisions\/11502"}],"wp:featuredmedia":[{"embeddable":true,"href":"https:\/\/www.pne.md\/en\/wp-json\/wp\/v2\/media\/11499"}],"wp:attachment":[{"href":"https:\/\/www.pne.md\/en\/wp-json\/wp\/v2\/media?parent=11498"}],"wp:term":[{"taxonomy":"category","embeddable":true,"href":"https:\/\/www.pne.md\/en\/wp-json\/wp\/v2\/categories?post=11498"},{"taxonomy":"post_tag","embeddable":true,"href":"https:\/\/www.pne.md\/en\/wp-json\/wp\/v2\/tags?post=11498"}],"curies":[{"name":"wp","href":"https:\/\/api.w.org\/{rel}","templated":true}]}}