{"id":11436,"date":"2025-02-11T10:38:28","date_gmt":"2025-02-11T10:38:28","guid":{"rendered":"https:\/\/www.pne.md\/?p=11436"},"modified":"2025-02-19T14:52:46","modified_gmt":"2025-02-19T14:52:46","slug":"studiu-pne-optiuni-interventie-alinierea-definitiei-nationale-imm","status":"publish","type":"post","link":"https:\/\/www.pne.md\/en\/blog\/studiu-pne-optiuni-interventie-alinierea-definitiei-nationale-imm\/","title":{"rendered":"PNE Study: Intervention options for aligning the national definition of SME with the European framework"},"content":{"rendered":"<p>The criteria for granting the status of small and medium-sized enterprises (SMEs) must be gradually adjusted to European standards, in order to support all companies that encounter difficulties due to their size and to ensure a greater impact on the national economy. A study by <strong><a href=\"https:\/\/www.pne.md\/en\/despre-noi\/\">Public Association &quot;Partnerships for the New Economy&quot; (PNE)<\/a><\/strong> proposes to increase the turnover and asset ceilings for SMEs to <strong>200 million lei<\/strong> (about 10 million euros) starting with the year <strong>2026<\/strong>.<\/p>\n\n\n\n<!--more-->\n\n\n\n<figure class=\"wp-block-image size-large\"><img fetchpriority=\"high\" decoding=\"async\" width=\"1024\" height=\"1024\" src=\"https:\/\/www.pne.md\/wp-content\/uploads\/2025\/02\/studiu-pne-optiuni-interventie-aliniere-definitie-nationala-imm-1024x1024.png\" alt=\"Studiu PNE: op\u021biuni interven\u021bie aliniere defini\u021bie na\u021bional\u0103 IMM\" class=\"wp-image-11444\" srcset=\"https:\/\/www.pne.md\/wp-content\/uploads\/2025\/02\/studiu-pne-optiuni-interventie-aliniere-definitie-nationala-imm-1024x1024.png 1024w, https:\/\/www.pne.md\/wp-content\/uploads\/2025\/02\/studiu-pne-optiuni-interventie-aliniere-definitie-nationala-imm-300x300.png 300w, https:\/\/www.pne.md\/wp-content\/uploads\/2025\/02\/studiu-pne-optiuni-interventie-aliniere-definitie-nationala-imm-150x150.png 150w, https:\/\/www.pne.md\/wp-content\/uploads\/2025\/02\/studiu-pne-optiuni-interventie-aliniere-definitie-nationala-imm-768x768.png 768w, https:\/\/www.pne.md\/wp-content\/uploads\/2025\/02\/studiu-pne-optiuni-interventie-aliniere-definitie-nationala-imm-12x12.png 12w, https:\/\/www.pne.md\/wp-content\/uploads\/2025\/02\/studiu-pne-optiuni-interventie-aliniere-definitie-nationala-imm-1000x1000.png 1000w, https:\/\/www.pne.md\/wp-content\/uploads\/2025\/02\/studiu-pne-optiuni-interventie-aliniere-definitie-nationala-imm-280x280.png 280w, https:\/\/www.pne.md\/wp-content\/uploads\/2025\/02\/studiu-pne-optiuni-interventie-aliniere-definitie-nationala-imm-560x560.png 560w, https:\/\/www.pne.md\/wp-content\/uploads\/2025\/02\/studiu-pne-optiuni-interventie-aliniere-definitie-nationala-imm-600x600.png 600w, https:\/\/www.pne.md\/wp-content\/uploads\/2025\/02\/studiu-pne-optiuni-interventie-aliniere-definitie-nationala-imm-800x800.png 800w, https:\/\/www.pne.md\/wp-content\/uploads\/2025\/02\/studiu-pne-optiuni-interventie-aliniere-definitie-nationala-imm.png 1080w\" sizes=\"(max-width: 1024px) 100vw, 1024px\" \/><\/figure>\n\n\n\n<p>Currently, the turnover and asset ceiling for SMEs in the Republic of Moldova is approximately <strong>10 times<\/strong> smaller than that in the European Union. Thus, an enterprise is considered an SME if it has a turnover or total assets of no more than <strong>100 million lei<\/strong> (approximately 5 million euros), compared to <strong>50 million euros<\/strong> in EU countries (respectively 43 million euros for total assets). According to the study, this discrepancy may create disadvantages for Moldovan companies compared to European ones and may limit their access to support for SMEs.<\/p>\n\n\n\n<p>The authors of the analysis \u2013 <strong><a href=\"https:\/\/www.pne.md\/en\/despre-noi\/dumitru-pintea\/\">Dumitru P\u00e2ntea<\/a><\/strong> and <strong><a href=\"https:\/\/www.pne.md\/en\/despre-noi\/gumene-vadim\/\">Vadim Gumene<\/a><\/strong>, presented five scenarios for adjusting the financial criterion and recommended, in addition to the gradual increase in the turnover ceiling, the introduction of several other criteria, including that of the ownership structure.<\/p>\n\n\n\n<blockquote class=\"wp-block-quote is-layout-flow wp-block-quote-is-layout-flow\">\n<p>&quot;Aligning the definition of SMEs in the Republic of Moldova with European standards must be a well-structured process, based on extensive consultations with the private sector and rigorous assessments of the economic impact. Digitalization, reducing bureaucracy and facilitating access to financing are very important to ensure a successful transition. The definition of SMEs is the basis of various public policies in the energy, fiscal, financial, agricultural fields. Thus, any change in the definition of SMEs must also be viewed from the perspective of these policies in order not to distort the intended effect. Also, regarding the state&#039;s financial support for SMEs, the volume of resources is limited and any expansion of the group of eligible companies must be carefully operated&quot;, <\/p>\n<\/blockquote>\n\n\n\n<p>he stated <strong>Dumitru P\u00e2ntea<\/strong> within <a href=\"https:\/\/www.pne.md\/en\/blog\/dezbatere-alinierea-definitiei-imm-rm-ue\/\">a &quot;round table&quot; to present the study<\/a>.<\/p>\n\n\n\n<p>The authors of the study evaluated, in light of EU provisions, the criteria for assigning SME status, including: (i) number of employees, (ii) turnover and value of assets.<\/p>\n\n\n\n<p>Macroeconomic developments in recent years suggest the need to increase the ceilings for turnover and total assets to avoid some companies losing their SME status due to inflation and labor productivity growth. The situation is much more acute for medium-sized companies, where the average turnover of companies employing between <strong>50<\/strong> and <strong>250<\/strong> employees exceeds the current ceiling in several sectors. Losing SME status would disadvantage some relatively small companies compared to their EU competitors and some large national companies, the study shows.<\/p>\n\n\n\n<p><strong>Average value of turnover and total assets for companies employing between 50 and 249 employees by sectors of the national economy<\/strong><\/p>\n\n\n\n<figure class=\"wp-block-image size-full\"><a href=\"https:\/\/www.pne.md\/wp-content\/uploads\/2025\/02\/valoare-medie-cifra-afaceri-active-totale-companii-50-249-angajati.png\" target=\"_blank\" rel=\" noreferrer noopener\"><img decoding=\"async\" width=\"2321\" height=\"992\" src=\"https:\/\/www.pne.md\/wp-content\/uploads\/2025\/02\/valoare-medie-cifra-afaceri-active-totale-companii-50-249-angajati.png\" alt=\"Valoarea medie a cifrei de afaceri \u0219i activelor totale pentru companiile care angajeaz\u0103 \u00eentre 50 \u0219i 249 angaja\u021bi pe sectoare ale economiei na\u021bionale\" class=\"wp-image-11437\" srcset=\"https:\/\/www.pne.md\/wp-content\/uploads\/2025\/02\/valoare-medie-cifra-afaceri-active-totale-companii-50-249-angajati.png 2321w, https:\/\/www.pne.md\/wp-content\/uploads\/2025\/02\/valoare-medie-cifra-afaceri-active-totale-companii-50-249-angajati-300x128.png 300w, https:\/\/www.pne.md\/wp-content\/uploads\/2025\/02\/valoare-medie-cifra-afaceri-active-totale-companii-50-249-angajati-1024x438.png 1024w, https:\/\/www.pne.md\/wp-content\/uploads\/2025\/02\/valoare-medie-cifra-afaceri-active-totale-companii-50-249-angajati-768x328.png 768w, https:\/\/www.pne.md\/wp-content\/uploads\/2025\/02\/valoare-medie-cifra-afaceri-active-totale-companii-50-249-angajati-1536x656.png 1536w, https:\/\/www.pne.md\/wp-content\/uploads\/2025\/02\/valoare-medie-cifra-afaceri-active-totale-companii-50-249-angajati-2048x875.png 2048w, https:\/\/www.pne.md\/wp-content\/uploads\/2025\/02\/valoare-medie-cifra-afaceri-active-totale-companii-50-249-angajati-18x8.png 18w, https:\/\/www.pne.md\/wp-content\/uploads\/2025\/02\/valoare-medie-cifra-afaceri-active-totale-companii-50-249-angajati-2000x855.png 2000w, https:\/\/www.pne.md\/wp-content\/uploads\/2025\/02\/valoare-medie-cifra-afaceri-active-totale-companii-50-249-angajati-1000x427.png 1000w, https:\/\/www.pne.md\/wp-content\/uploads\/2025\/02\/valoare-medie-cifra-afaceri-active-totale-companii-50-249-angajati-1800x769.png 1800w, https:\/\/www.pne.md\/wp-content\/uploads\/2025\/02\/valoare-medie-cifra-afaceri-active-totale-companii-50-249-angajati-1310x560.png 1310w, https:\/\/www.pne.md\/wp-content\/uploads\/2025\/02\/valoare-medie-cifra-afaceri-active-totale-companii-50-249-angajati-600x256.png 600w\" sizes=\"(max-width: 2321px) 100vw, 2321px\" \/><\/a><figcaption class=\"wp-element-caption\">Source: Author&#039;s calculations based on data from the National Bureau of Statistics<\/figcaption><\/figure>\n\n\n\n<div style=\"height:50px\" aria-hidden=\"true\" class=\"wp-block-spacer\"><\/div>\n\n\n\n<p><strong>The actual level of the turnover ceiling in relation to economic developments in the period 2022 \u2013 2024<\/strong><\/p>\n\n\n\n<figure class=\"wp-block-image size-large\"><a href=\"https:\/\/www.pne.md\/wp-content\/uploads\/2025\/02\/nivel-real-plafon-cifra-afaceri.png\" target=\"_blank\" rel=\" noreferrer noopener\"><img decoding=\"async\" width=\"1024\" height=\"253\" src=\"https:\/\/www.pne.md\/wp-content\/uploads\/2025\/02\/nivel-real-plafon-cifra-afaceri-1024x253.png\" alt=\"Nivelul real al plafonului cifrei de afaceri \u00een raport cu evolu\u021biile economice \u00een perioada 2022 \u2013 2024\" class=\"wp-image-11438\" srcset=\"https:\/\/www.pne.md\/wp-content\/uploads\/2025\/02\/nivel-real-plafon-cifra-afaceri-1024x253.png 1024w, https:\/\/www.pne.md\/wp-content\/uploads\/2025\/02\/nivel-real-plafon-cifra-afaceri-300x74.png 300w, https:\/\/www.pne.md\/wp-content\/uploads\/2025\/02\/nivel-real-plafon-cifra-afaceri-768x189.png 768w, https:\/\/www.pne.md\/wp-content\/uploads\/2025\/02\/nivel-real-plafon-cifra-afaceri-1536x379.png 1536w, https:\/\/www.pne.md\/wp-content\/uploads\/2025\/02\/nivel-real-plafon-cifra-afaceri-18x4.png 18w, https:\/\/www.pne.md\/wp-content\/uploads\/2025\/02\/nivel-real-plafon-cifra-afaceri-1000x247.png 1000w, https:\/\/www.pne.md\/wp-content\/uploads\/2025\/02\/nivel-real-plafon-cifra-afaceri-600x148.png 600w, https:\/\/www.pne.md\/wp-content\/uploads\/2025\/02\/nivel-real-plafon-cifra-afaceri.png 1654w\" sizes=\"(max-width: 1024px) 100vw, 1024px\" \/><\/a><figcaption class=\"wp-element-caption\">Source: Author&#039;s calculations<\/figcaption><\/figure>\n\n\n\n<div style=\"height:50px\" aria-hidden=\"true\" class=\"wp-block-spacer\"><\/div>\n\n\n\n<p><strong>Scenario 2. Structure of the national economy if the ceiling for the financial criterion increases by 2 times (modeling based on data recorded at the end of 2023)<\/strong><\/p>\n\n\n\n<figure class=\"wp-block-image size-large\"><a href=\"https:\/\/www.pne.md\/wp-content\/uploads\/2025\/02\/structura-economiei-plafon-creste-2-ori.png\" target=\"_blank\" rel=\" noreferrer noopener\"><img loading=\"lazy\" decoding=\"async\" width=\"1024\" height=\"399\" src=\"https:\/\/www.pne.md\/wp-content\/uploads\/2025\/02\/structura-economiei-plafon-creste-2-ori-1024x399.png\" alt=\"Structura economiei na\u021bionale \u00een cazul \u00een care plafonul pentru criteriul financiar cre\u0219te de 2 ori\" class=\"wp-image-11439\" srcset=\"https:\/\/www.pne.md\/wp-content\/uploads\/2025\/02\/structura-economiei-plafon-creste-2-ori-1024x399.png 1024w, https:\/\/www.pne.md\/wp-content\/uploads\/2025\/02\/structura-economiei-plafon-creste-2-ori-300x117.png 300w, https:\/\/www.pne.md\/wp-content\/uploads\/2025\/02\/structura-economiei-plafon-creste-2-ori-768x299.png 768w, https:\/\/www.pne.md\/wp-content\/uploads\/2025\/02\/structura-economiei-plafon-creste-2-ori-1536x598.png 1536w, https:\/\/www.pne.md\/wp-content\/uploads\/2025\/02\/structura-economiei-plafon-creste-2-ori-2048x797.png 2048w, https:\/\/www.pne.md\/wp-content\/uploads\/2025\/02\/structura-economiei-plafon-creste-2-ori-18x7.png 18w, https:\/\/www.pne.md\/wp-content\/uploads\/2025\/02\/structura-economiei-plafon-creste-2-ori-2000x779.png 2000w, https:\/\/www.pne.md\/wp-content\/uploads\/2025\/02\/structura-economiei-plafon-creste-2-ori-1000x389.png 1000w, https:\/\/www.pne.md\/wp-content\/uploads\/2025\/02\/structura-economiei-plafon-creste-2-ori-1800x701.png 1800w, https:\/\/www.pne.md\/wp-content\/uploads\/2025\/02\/structura-economiei-plafon-creste-2-ori-1439x560.png 1439w, https:\/\/www.pne.md\/wp-content\/uploads\/2025\/02\/structura-economiei-plafon-creste-2-ori-600x234.png 600w\" sizes=\"(max-width: 1024px) 100vw, 1024px\" \/><\/a><figcaption class=\"wp-element-caption\">Source: Author&#039;s calculations<\/figcaption><\/figure>\n\n\n\n<div style=\"height:50px\" aria-hidden=\"true\" class=\"wp-block-spacer\"><\/div>\n\n\n\n<p><a href=\"https:\/\/www.pne.md\/downloads\/studiu-definitia-imm.pdf\" target=\"_blank\" rel=\"noreferrer noopener\">See the study <strong>&quot;Alignment of the national SME definition with the provisions of the European framework in the field: intervention options&quot;<\/strong><\/a> (PDF file, 2.2 MB, will open in new tab).<\/p>\n\n\n\n<p>For further details, you can write to us at info@pne.md. <\/p>","protected":false},"excerpt":{"rendered":"<p>Criteriile de atribuire a statutului de \u00eentreprindere mic\u0103 \u0219i mijlocie (IMM) trebuie ajustate treptat la standardele europene, pentru a sus\u021bine toate companiile care \u00eent\u00e2mpin\u0103 dificult\u0103\u021bi din cauza m\u0103rimii lor \u0219i pentru a asigura un impact mai mare asupra economiei na\u021bionale. Un studiu realizat de Asocia\u021bia Ob\u0219teasc\u0103 \u201eParteneriate pentru Noua Economie\u201d [&hellip;]<\/p>\n","protected":false},"author":2,"featured_media":11444,"comment_status":"closed","ping_status":"closed","sticky":false,"template":"","format":"standard","meta":{"footnotes":""},"categories":[2],"tags":[],"class_list":["post-11436","post","type-post","status-publish","format-standard","has-post-thumbnail","hentry","category-noutati"],"yoast_head":"<!-- This site is optimized with the Yoast SEO plugin v27.5 - https:\/\/yoast.com\/product\/yoast-seo-wordpress\/ -->\n<title>Studiu PNE: Alinierea defini\u021biei na\u021bionale a IMM la cadrul european<\/title>\n<meta name=\"description\" content=\"Analiza PNE propune solu\u021bii pentru ajustarea criteriilor IMM din Moldova, aliniindu-le la standardele europene pentru un mediu de afaceri echitabil.\" \/>\n<meta name=\"robots\" content=\"index, follow, max-snippet:-1, max-image-preview:large, max-video-preview:-1\" \/>\n<link rel=\"canonical\" href=\"https:\/\/www.pne.md\/en\/blog\/studiu-pne-optiuni-interventie-alinierea-definitiei-nationale-imm\/\" \/>\n<meta property=\"og:locale\" content=\"en_US\" \/>\n<meta property=\"og:type\" content=\"article\" \/>\n<meta property=\"og:title\" content=\"Studiu PNE: Alinierea defini\u021biei na\u021bionale a IMM la cadrul european\" \/>\n<meta property=\"og:description\" content=\"Analiza PNE propune solu\u021bii pentru ajustarea criteriilor IMM din Moldova, aliniindu-le la standardele europene pentru un mediu de afaceri echitabil.\" \/>\n<meta property=\"og:url\" content=\"https:\/\/www.pne.md\/en\/blog\/studiu-pne-optiuni-interventie-alinierea-definitiei-nationale-imm\/\" \/>\n<meta property=\"og:site_name\" content=\"Parteneriate pentru Noua Economie (PNE)\" \/>\n<meta property=\"article:publisher\" content=\"https:\/\/www.facebook.com\/profile.php?id=61553713585036\" \/>\n<meta property=\"article:published_time\" content=\"2025-02-11T10:38:28+00:00\" \/>\n<meta property=\"article:modified_time\" content=\"2025-02-19T14:52:46+00:00\" \/>\n<meta property=\"og:image\" content=\"https:\/\/www.pne.md\/wp-content\/uploads\/2025\/02\/studiu-pne-optiuni-interventie-aliniere-definitie-nationala-imm.png\" \/>\n\t<meta property=\"og:image:width\" content=\"1080\" \/>\n\t<meta property=\"og:image:height\" content=\"1080\" \/>\n\t<meta property=\"og:image:type\" content=\"image\/png\" \/>\n<meta name=\"author\" content=\"admin\" \/>\n<meta name=\"twitter:card\" content=\"summary_large_image\" \/>\n<meta name=\"twitter:label1\" content=\"Written by\" \/>\n\t<meta name=\"twitter:data1\" content=\"admin\" \/>\n\t<meta name=\"twitter:label2\" content=\"Est. reading time\" \/>\n\t<meta name=\"twitter:data2\" content=\"4 minutes\" \/>\n<script type=\"application\/ld+json\" class=\"yoast-schema-graph\">{\"@context\":\"https:\\\/\\\/schema.org\",\"@graph\":[{\"@type\":\"Article\",\"@id\":\"https:\\\/\\\/www.pne.md\\\/blog\\\/studiu-pne-optiuni-interventie-alinierea-definitiei-nationale-imm\\\/#article\",\"isPartOf\":{\"@id\":\"https:\\\/\\\/www.pne.md\\\/blog\\\/studiu-pne-optiuni-interventie-alinierea-definitiei-nationale-imm\\\/\"},\"author\":{\"name\":\"admin\",\"@id\":\"https:\\\/\\\/www.pne.md\\\/#\\\/schema\\\/person\\\/6160014744030af786edb277207f7820\"},\"headline\":\"Studiu PNE: Op\u021biuni de interven\u021bie pentru alinierea defini\u021biei na\u021bionale a IMM la cadrul european\",\"datePublished\":\"2025-02-11T10:38:28+00:00\",\"dateModified\":\"2025-02-19T14:52:46+00:00\",\"mainEntityOfPage\":{\"@id\":\"https:\\\/\\\/www.pne.md\\\/blog\\\/studiu-pne-optiuni-interventie-alinierea-definitiei-nationale-imm\\\/\"},\"wordCount\":610,\"publisher\":{\"@id\":\"https:\\\/\\\/www.pne.md\\\/#organization\"},\"image\":{\"@id\":\"https:\\\/\\\/www.pne.md\\\/blog\\\/studiu-pne-optiuni-interventie-alinierea-definitiei-nationale-imm\\\/#primaryimage\"},\"thumbnailUrl\":\"https:\\\/\\\/www.pne.md\\\/wp-content\\\/uploads\\\/2025\\\/02\\\/studiu-pne-optiuni-interventie-aliniere-definitie-nationala-imm.png\",\"articleSection\":[\"Nout\u0103\u021bi\"],\"inLanguage\":\"en-US\"},{\"@type\":\"WebPage\",\"@id\":\"https:\\\/\\\/www.pne.md\\\/blog\\\/studiu-pne-optiuni-interventie-alinierea-definitiei-nationale-imm\\\/\",\"url\":\"https:\\\/\\\/www.pne.md\\\/blog\\\/studiu-pne-optiuni-interventie-alinierea-definitiei-nationale-imm\\\/\",\"name\":\"Studiu PNE: Alinierea defini\u021biei na\u021bionale a IMM la cadrul european\",\"isPartOf\":{\"@id\":\"https:\\\/\\\/www.pne.md\\\/#website\"},\"primaryImageOfPage\":{\"@id\":\"https:\\\/\\\/www.pne.md\\\/blog\\\/studiu-pne-optiuni-interventie-alinierea-definitiei-nationale-imm\\\/#primaryimage\"},\"image\":{\"@id\":\"https:\\\/\\\/www.pne.md\\\/blog\\\/studiu-pne-optiuni-interventie-alinierea-definitiei-nationale-imm\\\/#primaryimage\"},\"thumbnailUrl\":\"https:\\\/\\\/www.pne.md\\\/wp-content\\\/uploads\\\/2025\\\/02\\\/studiu-pne-optiuni-interventie-aliniere-definitie-nationala-imm.png\",\"datePublished\":\"2025-02-11T10:38:28+00:00\",\"dateModified\":\"2025-02-19T14:52:46+00:00\",\"description\":\"Analiza PNE propune solu\u021bii pentru ajustarea criteriilor IMM din Moldova, aliniindu-le la standardele europene pentru un mediu de afaceri echitabil.\",\"breadcrumb\":{\"@id\":\"https:\\\/\\\/www.pne.md\\\/blog\\\/studiu-pne-optiuni-interventie-alinierea-definitiei-nationale-imm\\\/#breadcrumb\"},\"inLanguage\":\"en-US\",\"potentialAction\":[{\"@type\":\"ReadAction\",\"target\":[\"https:\\\/\\\/www.pne.md\\\/blog\\\/studiu-pne-optiuni-interventie-alinierea-definitiei-nationale-imm\\\/\"]}]},{\"@type\":\"ImageObject\",\"inLanguage\":\"en-US\",\"@id\":\"https:\\\/\\\/www.pne.md\\\/blog\\\/studiu-pne-optiuni-interventie-alinierea-definitiei-nationale-imm\\\/#primaryimage\",\"url\":\"https:\\\/\\\/www.pne.md\\\/wp-content\\\/uploads\\\/2025\\\/02\\\/studiu-pne-optiuni-interventie-aliniere-definitie-nationala-imm.png\",\"contentUrl\":\"https:\\\/\\\/www.pne.md\\\/wp-content\\\/uploads\\\/2025\\\/02\\\/studiu-pne-optiuni-interventie-aliniere-definitie-nationala-imm.png\",\"width\":1080,\"height\":1080,\"caption\":\"Studiu PNE: op\u021biuni interven\u021bie aliniere defini\u021bie na\u021bional\u0103 IMM\"},{\"@type\":\"BreadcrumbList\",\"@id\":\"https:\\\/\\\/www.pne.md\\\/blog\\\/studiu-pne-optiuni-interventie-alinierea-definitiei-nationale-imm\\\/#breadcrumb\",\"itemListElement\":[{\"@type\":\"ListItem\",\"position\":1,\"name\":\"Home\",\"item\":\"https:\\\/\\\/www.pne.md\\\/\"},{\"@type\":\"ListItem\",\"position\":2,\"name\":\"Studiu PNE: Op\u021biuni de interven\u021bie pentru alinierea defini\u021biei na\u021bionale a IMM la cadrul european\"}]},{\"@type\":\"WebSite\",\"@id\":\"https:\\\/\\\/www.pne.md\\\/#website\",\"url\":\"https:\\\/\\\/www.pne.md\\\/\",\"name\":\"Parteneriate pentru Noua Economie (PNE)\",\"description\":\"\",\"publisher\":{\"@id\":\"https:\\\/\\\/www.pne.md\\\/#organization\"},\"potentialAction\":[{\"@type\":\"SearchAction\",\"target\":{\"@type\":\"EntryPoint\",\"urlTemplate\":\"https:\\\/\\\/www.pne.md\\\/?s={search_term_string}\"},\"query-input\":{\"@type\":\"PropertyValueSpecification\",\"valueRequired\":true,\"valueName\":\"search_term_string\"}}],\"inLanguage\":\"en-US\"},{\"@type\":\"Organization\",\"@id\":\"https:\\\/\\\/www.pne.md\\\/#organization\",\"name\":\"Parteneriate pentru Noua Economie\",\"url\":\"https:\\\/\\\/www.pne.md\\\/\",\"logo\":{\"@type\":\"ImageObject\",\"inLanguage\":\"en-US\",\"@id\":\"https:\\\/\\\/www.pne.md\\\/#\\\/schema\\\/logo\\\/image\\\/\",\"url\":\"https:\\\/\\\/www.pne.md\\\/wp-content\\\/uploads\\\/2024\\\/04\\\/pne-logo.webp\",\"contentUrl\":\"https:\\\/\\\/www.pne.md\\\/wp-content\\\/uploads\\\/2024\\\/04\\\/pne-logo.webp\",\"width\":1000,\"height\":234,\"caption\":\"Parteneriate pentru Noua Economie\"},\"image\":{\"@id\":\"https:\\\/\\\/www.pne.md\\\/#\\\/schema\\\/logo\\\/image\\\/\"},\"sameAs\":[\"https:\\\/\\\/www.facebook.com\\\/profile.php?id=61553713585036\"]},{\"@type\":\"Person\",\"@id\":\"https:\\\/\\\/www.pne.md\\\/#\\\/schema\\\/person\\\/6160014744030af786edb277207f7820\",\"name\":\"admin\",\"sameAs\":[\"https:\\\/\\\/www.pne.md\"],\"url\":\"https:\\\/\\\/www.pne.md\\\/en\\\/blog\\\/author\\\/admin\\\/\"}]}<\/script>\n<!-- \/ Yoast SEO plugin. -->","yoast_head_json":{"title":"Studiu PNE: Alinierea defini\u021biei na\u021bionale a IMM la cadrul european","description":"Analiza PNE propune solu\u021bii pentru ajustarea criteriilor IMM din Moldova, aliniindu-le la standardele europene pentru un mediu de afaceri echitabil.","robots":{"index":"index","follow":"follow","max-snippet":"max-snippet:-1","max-image-preview":"max-image-preview:large","max-video-preview":"max-video-preview:-1"},"canonical":"https:\/\/www.pne.md\/en\/blog\/studiu-pne-optiuni-interventie-alinierea-definitiei-nationale-imm\/","og_locale":"en_US","og_type":"article","og_title":"Studiu PNE: Alinierea defini\u021biei na\u021bionale a IMM la cadrul european","og_description":"Analiza PNE propune solu\u021bii pentru ajustarea criteriilor IMM din Moldova, aliniindu-le la standardele europene pentru un mediu de afaceri echitabil.","og_url":"https:\/\/www.pne.md\/en\/blog\/studiu-pne-optiuni-interventie-alinierea-definitiei-nationale-imm\/","og_site_name":"Parteneriate pentru Noua Economie (PNE)","article_publisher":"https:\/\/www.facebook.com\/profile.php?id=61553713585036","article_published_time":"2025-02-11T10:38:28+00:00","article_modified_time":"2025-02-19T14:52:46+00:00","og_image":[{"width":1080,"height":1080,"url":"https:\/\/www.pne.md\/wp-content\/uploads\/2025\/02\/studiu-pne-optiuni-interventie-aliniere-definitie-nationala-imm.png","type":"image\/png"}],"author":"admin","twitter_card":"summary_large_image","twitter_misc":{"Written by":"admin","Est. reading time":"4 minutes"},"schema":{"@context":"https:\/\/schema.org","@graph":[{"@type":"Article","@id":"https:\/\/www.pne.md\/blog\/studiu-pne-optiuni-interventie-alinierea-definitiei-nationale-imm\/#article","isPartOf":{"@id":"https:\/\/www.pne.md\/blog\/studiu-pne-optiuni-interventie-alinierea-definitiei-nationale-imm\/"},"author":{"name":"admin","@id":"https:\/\/www.pne.md\/#\/schema\/person\/6160014744030af786edb277207f7820"},"headline":"Studiu PNE: Op\u021biuni de interven\u021bie pentru alinierea defini\u021biei na\u021bionale a IMM la cadrul european","datePublished":"2025-02-11T10:38:28+00:00","dateModified":"2025-02-19T14:52:46+00:00","mainEntityOfPage":{"@id":"https:\/\/www.pne.md\/blog\/studiu-pne-optiuni-interventie-alinierea-definitiei-nationale-imm\/"},"wordCount":610,"publisher":{"@id":"https:\/\/www.pne.md\/#organization"},"image":{"@id":"https:\/\/www.pne.md\/blog\/studiu-pne-optiuni-interventie-alinierea-definitiei-nationale-imm\/#primaryimage"},"thumbnailUrl":"https:\/\/www.pne.md\/wp-content\/uploads\/2025\/02\/studiu-pne-optiuni-interventie-aliniere-definitie-nationala-imm.png","articleSection":["Nout\u0103\u021bi"],"inLanguage":"en-US"},{"@type":"WebPage","@id":"https:\/\/www.pne.md\/blog\/studiu-pne-optiuni-interventie-alinierea-definitiei-nationale-imm\/","url":"https:\/\/www.pne.md\/blog\/studiu-pne-optiuni-interventie-alinierea-definitiei-nationale-imm\/","name":"Studiu PNE: Alinierea defini\u021biei na\u021bionale a IMM la cadrul european","isPartOf":{"@id":"https:\/\/www.pne.md\/#website"},"primaryImageOfPage":{"@id":"https:\/\/www.pne.md\/blog\/studiu-pne-optiuni-interventie-alinierea-definitiei-nationale-imm\/#primaryimage"},"image":{"@id":"https:\/\/www.pne.md\/blog\/studiu-pne-optiuni-interventie-alinierea-definitiei-nationale-imm\/#primaryimage"},"thumbnailUrl":"https:\/\/www.pne.md\/wp-content\/uploads\/2025\/02\/studiu-pne-optiuni-interventie-aliniere-definitie-nationala-imm.png","datePublished":"2025-02-11T10:38:28+00:00","dateModified":"2025-02-19T14:52:46+00:00","description":"Analiza PNE propune solu\u021bii pentru ajustarea criteriilor IMM din Moldova, aliniindu-le la standardele europene pentru un mediu de afaceri echitabil.","breadcrumb":{"@id":"https:\/\/www.pne.md\/blog\/studiu-pne-optiuni-interventie-alinierea-definitiei-nationale-imm\/#breadcrumb"},"inLanguage":"en-US","potentialAction":[{"@type":"ReadAction","target":["https:\/\/www.pne.md\/blog\/studiu-pne-optiuni-interventie-alinierea-definitiei-nationale-imm\/"]}]},{"@type":"ImageObject","inLanguage":"en-US","@id":"https:\/\/www.pne.md\/blog\/studiu-pne-optiuni-interventie-alinierea-definitiei-nationale-imm\/#primaryimage","url":"https:\/\/www.pne.md\/wp-content\/uploads\/2025\/02\/studiu-pne-optiuni-interventie-aliniere-definitie-nationala-imm.png","contentUrl":"https:\/\/www.pne.md\/wp-content\/uploads\/2025\/02\/studiu-pne-optiuni-interventie-aliniere-definitie-nationala-imm.png","width":1080,"height":1080,"caption":"Studiu PNE: op\u021biuni interven\u021bie aliniere defini\u021bie na\u021bional\u0103 IMM"},{"@type":"BreadcrumbList","@id":"https:\/\/www.pne.md\/blog\/studiu-pne-optiuni-interventie-alinierea-definitiei-nationale-imm\/#breadcrumb","itemListElement":[{"@type":"ListItem","position":1,"name":"Home","item":"https:\/\/www.pne.md\/"},{"@type":"ListItem","position":2,"name":"Studiu PNE: Op\u021biuni de interven\u021bie pentru alinierea defini\u021biei na\u021bionale a IMM la cadrul european"}]},{"@type":"WebSite","@id":"https:\/\/www.pne.md\/#website","url":"https:\/\/www.pne.md\/","name":"Partnerships for New Economy (PNE)","description":"","publisher":{"@id":"https:\/\/www.pne.md\/#organization"},"potentialAction":[{"@type":"SearchAction","target":{"@type":"EntryPoint","urlTemplate":"https:\/\/www.pne.md\/?s={search_term_string}"},"query-input":{"@type":"PropertyValueSpecification","valueRequired":true,"valueName":"search_term_string"}}],"inLanguage":"en-US"},{"@type":"Organization","@id":"https:\/\/www.pne.md\/#organization","name":"Partnerships for the New Economy","url":"https:\/\/www.pne.md\/","logo":{"@type":"ImageObject","inLanguage":"en-US","@id":"https:\/\/www.pne.md\/#\/schema\/logo\/image\/","url":"https:\/\/www.pne.md\/wp-content\/uploads\/2024\/04\/pne-logo.webp","contentUrl":"https:\/\/www.pne.md\/wp-content\/uploads\/2024\/04\/pne-logo.webp","width":1000,"height":234,"caption":"Parteneriate pentru Noua Economie"},"image":{"@id":"https:\/\/www.pne.md\/#\/schema\/logo\/image\/"},"sameAs":["https:\/\/www.facebook.com\/profile.php?id=61553713585036"]},{"@type":"Person","@id":"https:\/\/www.pne.md\/#\/schema\/person\/6160014744030af786edb277207f7820","name":"admin","sameAs":["https:\/\/www.pne.md"],"url":"https:\/\/www.pne.md\/en\/blog\/author\/admin\/"}]}},"_links":{"self":[{"href":"https:\/\/www.pne.md\/en\/wp-json\/wp\/v2\/posts\/11436","targetHints":{"allow":["GET"]}}],"collection":[{"href":"https:\/\/www.pne.md\/en\/wp-json\/wp\/v2\/posts"}],"about":[{"href":"https:\/\/www.pne.md\/en\/wp-json\/wp\/v2\/types\/post"}],"author":[{"embeddable":true,"href":"https:\/\/www.pne.md\/en\/wp-json\/wp\/v2\/users\/2"}],"replies":[{"embeddable":true,"href":"https:\/\/www.pne.md\/en\/wp-json\/wp\/v2\/comments?post=11436"}],"version-history":[{"count":5,"href":"https:\/\/www.pne.md\/en\/wp-json\/wp\/v2\/posts\/11436\/revisions"}],"predecessor-version":[{"id":11446,"href":"https:\/\/www.pne.md\/en\/wp-json\/wp\/v2\/posts\/11436\/revisions\/11446"}],"wp:featuredmedia":[{"embeddable":true,"href":"https:\/\/www.pne.md\/en\/wp-json\/wp\/v2\/media\/11444"}],"wp:attachment":[{"href":"https:\/\/www.pne.md\/en\/wp-json\/wp\/v2\/media?parent=11436"}],"wp:term":[{"taxonomy":"category","embeddable":true,"href":"https:\/\/www.pne.md\/en\/wp-json\/wp\/v2\/categories?post=11436"},{"taxonomy":"post_tag","embeddable":true,"href":"https:\/\/www.pne.md\/en\/wp-json\/wp\/v2\/tags?post=11436"}],"curies":[{"name":"wp","href":"https:\/\/api.w.org\/{rel}","templated":true}]}}