{"id":11246,"date":"2024-09-30T10:42:28","date_gmt":"2024-09-30T10:42:28","guid":{"rendered":"https:\/\/www.pne.md\/?p=11246"},"modified":"2024-10-24T06:40:31","modified_gmt":"2024-10-24T06:40:31","slug":"rezultate-barometrul-antreprenorilor","status":"publish","type":"post","link":"https:\/\/www.pne.md\/en\/blog\/rezultate-barometrul-antreprenorilor\/","title":{"rendered":"Entrepreneurs&#039; Barometer: The business environment in the Republic of Moldova supports EU accession and believes that the country is moving in the right direction"},"content":{"rendered":"<p>The business environment in the Republic of Moldova has a positive attitude towards the European course of the country. A number of 76% among Moldovan entrepreneurs support the country&#039;s integration process into the European Union, and half of them believe that their businesses are ready to operate successfully in accordance with the norms and technical requirements of the community.<\/p>\n\n\n\n<!--more-->\n\n\n<figure class=\"wp-block-post-featured-image\"><img fetchpriority=\"high\" decoding=\"async\" width=\"1500\" height=\"1000\" src=\"https:\/\/www.pne.md\/wp-content\/uploads\/2024\/09\/DSC08574.jpg\" class=\"attachment-post-thumbnail size-post-thumbnail wp-post-image\" alt=\"Barometrul Antreprenorilor\" style=\"object-fit:cover;\" srcset=\"https:\/\/www.pne.md\/wp-content\/uploads\/2024\/09\/DSC08574.jpg 1500w, https:\/\/www.pne.md\/wp-content\/uploads\/2024\/09\/DSC08574-300x200.jpg 300w, https:\/\/www.pne.md\/wp-content\/uploads\/2024\/09\/DSC08574-1024x683.jpg 1024w, https:\/\/www.pne.md\/wp-content\/uploads\/2024\/09\/DSC08574-768x512.jpg 768w, https:\/\/www.pne.md\/wp-content\/uploads\/2024\/09\/DSC08574-18x12.jpg 18w, https:\/\/www.pne.md\/wp-content\/uploads\/2024\/09\/DSC08574-1000x667.jpg 1000w, https:\/\/www.pne.md\/wp-content\/uploads\/2024\/09\/DSC08574-840x560.jpg 840w, https:\/\/www.pne.md\/wp-content\/uploads\/2024\/09\/DSC08574-600x400.jpg 600w\" sizes=\"(max-width: 1500px) 100vw, 1500px\" \/><\/figure>\n\n\n<p>&quot;Barometer of Entrepreneurs who build the future of the Republic of Moldova&quot; was made by <a href=\"https:\/\/www.pne.md\/en\/despre-noi\/\">Public Association Partnerships for the New Economy (PNE)<\/a> during the current August - September period and presented on September 30 in Chisinau. <a href=\"https:\/\/www.pne.md\/downloads\/barometrul-antreprenorilor-23-oct-2024.pdf\" target=\"_blank\" rel=\"noreferrer noopener\">Survey results<\/a> showed an optimistic perspective of Moldovan entrepreneurship and demonstrates the aspiration of the local business environment towards the European market and standards.\u00a0<\/p>\n\n\n\n<p>Entrepreneurs from the Republic of Moldova see EU accession as an opportunity for economic growth and modernization, but they also recognize the challenges of adapting to European standards, for example additional costs for compliance with EU regulations (38,6%) or the need to conform products and services (37 ,7%).<\/p>\n\n\n\n<figure class=\"wp-block-embed is-type-video is-provider-youtube wp-block-embed-youtube wp-embed-aspect-16-9 wp-has-aspect-ratio\"><div class=\"wp-block-embed__wrapper\">\n<iframe title=\"Barometer of Entrepreneurs: The business environment in the Republic of Moldova supports the accession to the EU\" width=\"930\" height=\"523\" src=\"https:\/\/www.youtube.com\/embed\/Y34N61yuZT8?feature=oembed\" frameborder=\"0\" allow=\"accelerometer; autoplay; clipboard-write; encrypted-media; gyroscope; picture-in-picture; web-share\" referrerpolicy=\"strict-origin-when-cross-origin\" allowfullscreen><\/iframe>\n<\/div><\/figure>\n\n\n\n<p>More than half of respondents identified tougher competition (50.2%) as their main concern about European integration. At the same time, over 54% of the respondents consider access to financing and partnerships with EU companies essential to adapt to EU requirements.&nbsp;<\/p>\n\n\n\n<p>The deepening of these economic relations with Romania represents a faster and easier way to integrate into the European Union, believes more than 75% of the respondents to the survey, given that 6.5% already have a business in the neighboring state and a similar number of Moldovan entrepreneurs intend to establish a company in Romania. However, economic relations with Romania are perceived as insufficiently developed in relation to the existing potential, considering the geographical, linguistic and cultural proximity.&nbsp;<\/p>\n\n\n\n<p>Ask if they approve of the direction in which things are moving in the Republic of Moldova, over 58% of the respondents answered affirmatively.&nbsp;<\/p>\n\n\n\n<figure class=\"wp-block-gallery has-nested-images columns-2 is-cropped wp-block-gallery-1 is-layout-flex wp-block-gallery-is-layout-flex\">\n<figure class=\"wp-block-image size-full\"><a href=\"https:\/\/www.pne.md\/wp-content\/uploads\/2024\/09\/DSC08145.jpg\" target=\"_blank\" rel=\"noopener\"><img decoding=\"async\" width=\"1500\" height=\"1000\" data-id=\"11257\" src=\"https:\/\/www.pne.md\/wp-content\/uploads\/2024\/09\/DSC08145.jpg\" alt=\"\" class=\"wp-image-11257\" srcset=\"https:\/\/www.pne.md\/wp-content\/uploads\/2024\/09\/DSC08145.jpg 1500w, https:\/\/www.pne.md\/wp-content\/uploads\/2024\/09\/DSC08145-300x200.jpg 300w, https:\/\/www.pne.md\/wp-content\/uploads\/2024\/09\/DSC08145-1024x683.jpg 1024w, https:\/\/www.pne.md\/wp-content\/uploads\/2024\/09\/DSC08145-768x512.jpg 768w, https:\/\/www.pne.md\/wp-content\/uploads\/2024\/09\/DSC08145-18x12.jpg 18w, https:\/\/www.pne.md\/wp-content\/uploads\/2024\/09\/DSC08145-1000x667.jpg 1000w, https:\/\/www.pne.md\/wp-content\/uploads\/2024\/09\/DSC08145-840x560.jpg 840w, https:\/\/www.pne.md\/wp-content\/uploads\/2024\/09\/DSC08145-600x400.jpg 600w\" sizes=\"(max-width: 1500px) 100vw, 1500px\" \/><\/a><\/figure>\n\n\n\n<figure class=\"wp-block-image size-full\"><a href=\"https:\/\/www.pne.md\/wp-content\/uploads\/2024\/09\/DSC08179.jpg\" target=\"_blank\" rel=\"noopener\"><img decoding=\"async\" width=\"1500\" height=\"1000\" data-id=\"11258\" src=\"https:\/\/www.pne.md\/wp-content\/uploads\/2024\/09\/DSC08179.jpg\" alt=\"\" class=\"wp-image-11258\" srcset=\"https:\/\/www.pne.md\/wp-content\/uploads\/2024\/09\/DSC08179.jpg 1500w, https:\/\/www.pne.md\/wp-content\/uploads\/2024\/09\/DSC08179-300x200.jpg 300w, https:\/\/www.pne.md\/wp-content\/uploads\/2024\/09\/DSC08179-1024x683.jpg 1024w, https:\/\/www.pne.md\/wp-content\/uploads\/2024\/09\/DSC08179-768x512.jpg 768w, https:\/\/www.pne.md\/wp-content\/uploads\/2024\/09\/DSC08179-18x12.jpg 18w, https:\/\/www.pne.md\/wp-content\/uploads\/2024\/09\/DSC08179-1000x667.jpg 1000w, https:\/\/www.pne.md\/wp-content\/uploads\/2024\/09\/DSC08179-840x560.jpg 840w, https:\/\/www.pne.md\/wp-content\/uploads\/2024\/09\/DSC08179-600x400.jpg 600w\" sizes=\"(max-width: 1500px) 100vw, 1500px\" \/><\/a><\/figure>\n\n\n\n<figure class=\"wp-block-image size-full\"><a href=\"https:\/\/www.pne.md\/wp-content\/uploads\/2024\/09\/DSC08252.jpg\" target=\"_blank\" rel=\"noopener\"><img loading=\"lazy\" decoding=\"async\" width=\"1500\" height=\"1000\" data-id=\"11259\" src=\"https:\/\/www.pne.md\/wp-content\/uploads\/2024\/09\/DSC08252.jpg\" alt=\"\" class=\"wp-image-11259\" srcset=\"https:\/\/www.pne.md\/wp-content\/uploads\/2024\/09\/DSC08252.jpg 1500w, https:\/\/www.pne.md\/wp-content\/uploads\/2024\/09\/DSC08252-300x200.jpg 300w, https:\/\/www.pne.md\/wp-content\/uploads\/2024\/09\/DSC08252-1024x683.jpg 1024w, https:\/\/www.pne.md\/wp-content\/uploads\/2024\/09\/DSC08252-768x512.jpg 768w, https:\/\/www.pne.md\/wp-content\/uploads\/2024\/09\/DSC08252-18x12.jpg 18w, https:\/\/www.pne.md\/wp-content\/uploads\/2024\/09\/DSC08252-1000x667.jpg 1000w, https:\/\/www.pne.md\/wp-content\/uploads\/2024\/09\/DSC08252-840x560.jpg 840w, https:\/\/www.pne.md\/wp-content\/uploads\/2024\/09\/DSC08252-600x400.jpg 600w\" sizes=\"(max-width: 1500px) 100vw, 1500px\" \/><\/a><\/figure>\n\n\n\n<figure class=\"wp-block-image size-full\"><a href=\"https:\/\/www.pne.md\/wp-content\/uploads\/2024\/09\/DSC08016.jpg\" target=\"_blank\" rel=\"noopener\"><img loading=\"lazy\" decoding=\"async\" width=\"1500\" height=\"1000\" data-id=\"11256\" src=\"https:\/\/www.pne.md\/wp-content\/uploads\/2024\/09\/DSC08016.jpg\" alt=\"\" class=\"wp-image-11256\" srcset=\"https:\/\/www.pne.md\/wp-content\/uploads\/2024\/09\/DSC08016.jpg 1500w, https:\/\/www.pne.md\/wp-content\/uploads\/2024\/09\/DSC08016-300x200.jpg 300w, https:\/\/www.pne.md\/wp-content\/uploads\/2024\/09\/DSC08016-1024x683.jpg 1024w, https:\/\/www.pne.md\/wp-content\/uploads\/2024\/09\/DSC08016-768x512.jpg 768w, https:\/\/www.pne.md\/wp-content\/uploads\/2024\/09\/DSC08016-18x12.jpg 18w, https:\/\/www.pne.md\/wp-content\/uploads\/2024\/09\/DSC08016-1000x667.jpg 1000w, https:\/\/www.pne.md\/wp-content\/uploads\/2024\/09\/DSC08016-840x560.jpg 840w, https:\/\/www.pne.md\/wp-content\/uploads\/2024\/09\/DSC08016-600x400.jpg 600w\" sizes=\"(max-width: 1500px) 100vw, 1500px\" \/><\/a><\/figure>\n<\/figure>\n\n\n\n<p>In this context, <a href=\"https:\/\/www.pne.md\/en\/despre-noi\/natalia-gavrilita\/\">PNE director Natalia Gavrili\u021ba<\/a> declared in the opening speech of the event: <\/p>\n\n\n\n<blockquote class=\"wp-block-quote is-layout-flow wp-block-quote-is-layout-flow\">\n<p>&quot;The voice of entrepreneurs is essential in the national debate regarding the future of Moldova. Through their active involvement, we can build a stronger economy and a more prosperous society.&nbsp;<br><br>Our barometer is not only a measuring tool, but also a platform for dialogue and action. It provides us with vital information to create public policies that stimulate sustainable economic development and facilitate the process of European integration&quot;, <\/p>\n<\/blockquote>\n\n\n\n<p>The survey was carried out in <a href=\"https:\/\/www.pne.md\/en\/proiecte\/evaluarea-sentimentelor-atitudinilor-antreprenorilor\/\">Project &quot;Assessment of the sentiment \/ attitudes of the business environment regarding EU integration&quot;<\/a> with the aim of measuring the opinions of entrepreneurs about the national economy, public services, their businesses, as well as about joining the European Union, in the conditions in which Moldovan citizens will decide whether they want EU membership status for their country in the referendum on October 20, 2024.<\/p>\n\n\n\n<figure class=\"wp-block-gallery has-nested-images columns-2 is-cropped wp-block-gallery-2 is-layout-flex wp-block-gallery-is-layout-flex\">\n<figure class=\"wp-block-image size-full\"><a href=\"https:\/\/www.pne.md\/wp-content\/uploads\/2024\/09\/DSC08462.jpg\" target=\"_blank\" rel=\"noopener\"><img loading=\"lazy\" decoding=\"async\" width=\"1500\" height=\"1000\" data-id=\"11260\" src=\"https:\/\/www.pne.md\/wp-content\/uploads\/2024\/09\/DSC08462.jpg\" alt=\"\" class=\"wp-image-11260\" srcset=\"https:\/\/www.pne.md\/wp-content\/uploads\/2024\/09\/DSC08462.jpg 1500w, https:\/\/www.pne.md\/wp-content\/uploads\/2024\/09\/DSC08462-300x200.jpg 300w, https:\/\/www.pne.md\/wp-content\/uploads\/2024\/09\/DSC08462-1024x683.jpg 1024w, https:\/\/www.pne.md\/wp-content\/uploads\/2024\/09\/DSC08462-768x512.jpg 768w, https:\/\/www.pne.md\/wp-content\/uploads\/2024\/09\/DSC08462-18x12.jpg 18w, https:\/\/www.pne.md\/wp-content\/uploads\/2024\/09\/DSC08462-1000x667.jpg 1000w, https:\/\/www.pne.md\/wp-content\/uploads\/2024\/09\/DSC08462-840x560.jpg 840w, https:\/\/www.pne.md\/wp-content\/uploads\/2024\/09\/DSC08462-600x400.jpg 600w\" sizes=\"(max-width: 1500px) 100vw, 1500px\" \/><\/a><\/figure>\n\n\n\n<figure class=\"wp-block-image size-full\"><a href=\"https:\/\/www.pne.md\/wp-content\/uploads\/2024\/09\/DSC08550.jpg\" target=\"_blank\" rel=\"noopener\"><img loading=\"lazy\" decoding=\"async\" width=\"1500\" height=\"1000\" data-id=\"11264\" src=\"https:\/\/www.pne.md\/wp-content\/uploads\/2024\/09\/DSC08550.jpg\" alt=\"\" class=\"wp-image-11264\" srcset=\"https:\/\/www.pne.md\/wp-content\/uploads\/2024\/09\/DSC08550.jpg 1500w, https:\/\/www.pne.md\/wp-content\/uploads\/2024\/09\/DSC08550-300x200.jpg 300w, https:\/\/www.pne.md\/wp-content\/uploads\/2024\/09\/DSC08550-1024x683.jpg 1024w, https:\/\/www.pne.md\/wp-content\/uploads\/2024\/09\/DSC08550-768x512.jpg 768w, https:\/\/www.pne.md\/wp-content\/uploads\/2024\/09\/DSC08550-18x12.jpg 18w, https:\/\/www.pne.md\/wp-content\/uploads\/2024\/09\/DSC08550-1000x667.jpg 1000w, https:\/\/www.pne.md\/wp-content\/uploads\/2024\/09\/DSC08550-840x560.jpg 840w, https:\/\/www.pne.md\/wp-content\/uploads\/2024\/09\/DSC08550-600x400.jpg 600w\" sizes=\"(max-width: 1500px) 100vw, 1500px\" \/><\/a><\/figure>\n\n\n\n<figure class=\"wp-block-image size-full\"><a href=\"https:\/\/www.pne.md\/wp-content\/uploads\/2024\/09\/DSC08754.jpg\" target=\"_blank\" rel=\"noopener\"><img loading=\"lazy\" decoding=\"async\" width=\"1500\" height=\"1000\" data-id=\"11263\" src=\"https:\/\/www.pne.md\/wp-content\/uploads\/2024\/09\/DSC08754.jpg\" alt=\"\" class=\"wp-image-11263\" srcset=\"https:\/\/www.pne.md\/wp-content\/uploads\/2024\/09\/DSC08754.jpg 1500w, https:\/\/www.pne.md\/wp-content\/uploads\/2024\/09\/DSC08754-300x200.jpg 300w, https:\/\/www.pne.md\/wp-content\/uploads\/2024\/09\/DSC08754-1024x683.jpg 1024w, https:\/\/www.pne.md\/wp-content\/uploads\/2024\/09\/DSC08754-768x512.jpg 768w, https:\/\/www.pne.md\/wp-content\/uploads\/2024\/09\/DSC08754-18x12.jpg 18w, https:\/\/www.pne.md\/wp-content\/uploads\/2024\/09\/DSC08754-1000x667.jpg 1000w, https:\/\/www.pne.md\/wp-content\/uploads\/2024\/09\/DSC08754-840x560.jpg 840w, https:\/\/www.pne.md\/wp-content\/uploads\/2024\/09\/DSC08754-600x400.jpg 600w\" sizes=\"(max-width: 1500px) 100vw, 1500px\" \/><\/a><\/figure>\n\n\n\n<figure class=\"wp-block-image size-full\"><a href=\"https:\/\/www.pne.md\/wp-content\/uploads\/2024\/09\/DSC08602.jpg\" target=\"_blank\" rel=\"noopener\"><img loading=\"lazy\" decoding=\"async\" width=\"1500\" height=\"1000\" data-id=\"11262\" src=\"https:\/\/www.pne.md\/wp-content\/uploads\/2024\/09\/DSC08602.jpg\" alt=\"\" class=\"wp-image-11262\" srcset=\"https:\/\/www.pne.md\/wp-content\/uploads\/2024\/09\/DSC08602.jpg 1500w, https:\/\/www.pne.md\/wp-content\/uploads\/2024\/09\/DSC08602-300x200.jpg 300w, https:\/\/www.pne.md\/wp-content\/uploads\/2024\/09\/DSC08602-1024x683.jpg 1024w, https:\/\/www.pne.md\/wp-content\/uploads\/2024\/09\/DSC08602-768x512.jpg 768w, https:\/\/www.pne.md\/wp-content\/uploads\/2024\/09\/DSC08602-18x12.jpg 18w, https:\/\/www.pne.md\/wp-content\/uploads\/2024\/09\/DSC08602-1000x667.jpg 1000w, https:\/\/www.pne.md\/wp-content\/uploads\/2024\/09\/DSC08602-840x560.jpg 840w, https:\/\/www.pne.md\/wp-content\/uploads\/2024\/09\/DSC08602-600x400.jpg 600w\" sizes=\"(max-width: 1500px) 100vw, 1500px\" \/><\/a><\/figure>\n<\/figure>\n\n\n\n<p><a href=\"https:\/\/www.pne.md\/downloads\/barometrul-antreprenorilor-23-oct-2024.pdf\" target=\"_blank\" rel=\"noreferrer noopener\">Open the survey results report<\/a> (PDF file, 3.3 MB, will open in new tab).<\/p>\n\n\n\n<p>PNE contacts: <a href=\"mailto:info@pne.md\">info@pne.md<\/a>, +373-6938-0288.<\/p>","protected":false},"excerpt":{"rendered":"<p>Mediul de afaceri din Republicii Moldova are o atitudine pozitiv\u0103 fa\u021b\u0103 de parcursul european al \u021b\u0103rii. Un num\u0103r de 76% dintre antreprenorii moldoveni sprijin\u0103 procesul de integrare a \u021b\u0103rii \u00een Uniunea European\u0103, iar jum\u0103tate dintre ei consider\u0103 c\u0103 afacerile lor sunt preg\u0103tite pentru a opera cu succes \u00een conformitate cu [&hellip;]<\/p>\n","protected":false},"author":2,"featured_media":11254,"comment_status":"closed","ping_status":"closed","sticky":false,"template":"","format":"standard","meta":{"footnotes":""},"categories":[2],"tags":[],"class_list":["post-11246","post","type-post","status-publish","format-standard","has-post-thumbnail","hentry","category-noutati"],"yoast_head":"<!-- This site is optimized with the Yoast SEO plugin v27.5 - https:\/\/yoast.com\/product\/yoast-seo-wordpress\/ -->\n<title>Barometru: Antreprenorii din Moldova sus\u021bin aderarea la UE<\/title>\n<meta name=\"description\" content=\"76% dintre antreprenorii din Republica Moldova sus\u021bin aderarea la UE, iar majoritatea consider\u0103 c\u0103 afacerile lor sunt preg\u0103tite pentru integrare.\" \/>\n<meta name=\"robots\" content=\"index, follow, max-snippet:-1, max-image-preview:large, max-video-preview:-1\" \/>\n<link rel=\"canonical\" href=\"https:\/\/www.pne.md\/en\/blog\/rezultate-barometrul-antreprenorilor\/\" \/>\n<meta property=\"og:locale\" content=\"en_US\" \/>\n<meta property=\"og:type\" content=\"article\" \/>\n<meta property=\"og:title\" content=\"Barometru: Antreprenorii din Moldova sus\u021bin aderarea la UE\" \/>\n<meta property=\"og:description\" content=\"76% dintre antreprenorii din Republica Moldova sus\u021bin aderarea la UE, iar majoritatea consider\u0103 c\u0103 afacerile lor sunt preg\u0103tite pentru integrare.\" \/>\n<meta property=\"og:url\" content=\"https:\/\/www.pne.md\/en\/blog\/rezultate-barometrul-antreprenorilor\/\" \/>\n<meta property=\"og:site_name\" content=\"Parteneriate pentru Noua Economie (PNE)\" \/>\n<meta property=\"article:publisher\" content=\"https:\/\/www.facebook.com\/profile.php?id=61553713585036\" \/>\n<meta property=\"article:published_time\" content=\"2024-09-30T10:42:28+00:00\" \/>\n<meta property=\"article:modified_time\" content=\"2024-10-24T06:40:31+00:00\" \/>\n<meta property=\"og:image\" content=\"https:\/\/www.pne.md\/wp-content\/uploads\/2024\/09\/DSC08574.jpg\" \/>\n\t<meta property=\"og:image:width\" content=\"1500\" \/>\n\t<meta property=\"og:image:height\" content=\"1000\" \/>\n\t<meta property=\"og:image:type\" content=\"image\/jpeg\" \/>\n<meta name=\"author\" content=\"admin\" \/>\n<meta name=\"twitter:card\" content=\"summary_large_image\" \/>\n<meta name=\"twitter:label1\" content=\"Written by\" \/>\n\t<meta name=\"twitter:data1\" content=\"admin\" \/>\n\t<meta name=\"twitter:label2\" content=\"Est. reading time\" \/>\n\t<meta name=\"twitter:data2\" content=\"4 minutes\" \/>\n<script type=\"application\/ld+json\" class=\"yoast-schema-graph\">{\"@context\":\"https:\\\/\\\/schema.org\",\"@graph\":[{\"@type\":\"Article\",\"@id\":\"https:\\\/\\\/www.pne.md\\\/blog\\\/rezultate-barometrul-antreprenorilor\\\/#article\",\"isPartOf\":{\"@id\":\"https:\\\/\\\/www.pne.md\\\/blog\\\/rezultate-barometrul-antreprenorilor\\\/\"},\"author\":{\"name\":\"admin\",\"@id\":\"https:\\\/\\\/www.pne.md\\\/#\\\/schema\\\/person\\\/6160014744030af786edb277207f7820\"},\"headline\":\"Barometrul Antreprenorilor: Mediul de afaceri din Republica Moldova sus\u021bine aderarea la UE \u0219i consider\u0103 c\u0103 \u021bara se mi\u0219c\u0103 \u00eentr-o direc\u021bie corect\u0103\",\"datePublished\":\"2024-09-30T10:42:28+00:00\",\"dateModified\":\"2024-10-24T06:40:31+00:00\",\"mainEntityOfPage\":{\"@id\":\"https:\\\/\\\/www.pne.md\\\/blog\\\/rezultate-barometrul-antreprenorilor\\\/\"},\"wordCount\":529,\"publisher\":{\"@id\":\"https:\\\/\\\/www.pne.md\\\/#organization\"},\"image\":{\"@id\":\"https:\\\/\\\/www.pne.md\\\/blog\\\/rezultate-barometrul-antreprenorilor\\\/#primaryimage\"},\"thumbnailUrl\":\"https:\\\/\\\/www.pne.md\\\/wp-content\\\/uploads\\\/2024\\\/09\\\/DSC08574.jpg\",\"articleSection\":[\"Nout\u0103\u021bi\"],\"inLanguage\":\"en-US\"},{\"@type\":\"WebPage\",\"@id\":\"https:\\\/\\\/www.pne.md\\\/blog\\\/rezultate-barometrul-antreprenorilor\\\/\",\"url\":\"https:\\\/\\\/www.pne.md\\\/blog\\\/rezultate-barometrul-antreprenorilor\\\/\",\"name\":\"Barometru: Antreprenorii din Moldova sus\u021bin aderarea la UE\",\"isPartOf\":{\"@id\":\"https:\\\/\\\/www.pne.md\\\/#website\"},\"primaryImageOfPage\":{\"@id\":\"https:\\\/\\\/www.pne.md\\\/blog\\\/rezultate-barometrul-antreprenorilor\\\/#primaryimage\"},\"image\":{\"@id\":\"https:\\\/\\\/www.pne.md\\\/blog\\\/rezultate-barometrul-antreprenorilor\\\/#primaryimage\"},\"thumbnailUrl\":\"https:\\\/\\\/www.pne.md\\\/wp-content\\\/uploads\\\/2024\\\/09\\\/DSC08574.jpg\",\"datePublished\":\"2024-09-30T10:42:28+00:00\",\"dateModified\":\"2024-10-24T06:40:31+00:00\",\"description\":\"76% dintre antreprenorii din Republica Moldova sus\u021bin aderarea la UE, iar majoritatea consider\u0103 c\u0103 afacerile lor sunt preg\u0103tite pentru integrare.\",\"breadcrumb\":{\"@id\":\"https:\\\/\\\/www.pne.md\\\/blog\\\/rezultate-barometrul-antreprenorilor\\\/#breadcrumb\"},\"inLanguage\":\"en-US\",\"potentialAction\":[{\"@type\":\"ReadAction\",\"target\":[\"https:\\\/\\\/www.pne.md\\\/blog\\\/rezultate-barometrul-antreprenorilor\\\/\"]}]},{\"@type\":\"ImageObject\",\"inLanguage\":\"en-US\",\"@id\":\"https:\\\/\\\/www.pne.md\\\/blog\\\/rezultate-barometrul-antreprenorilor\\\/#primaryimage\",\"url\":\"https:\\\/\\\/www.pne.md\\\/wp-content\\\/uploads\\\/2024\\\/09\\\/DSC08574.jpg\",\"contentUrl\":\"https:\\\/\\\/www.pne.md\\\/wp-content\\\/uploads\\\/2024\\\/09\\\/DSC08574.jpg\",\"width\":1500,\"height\":1000,\"caption\":\"Barometrul Antreprenorilor\"},{\"@type\":\"BreadcrumbList\",\"@id\":\"https:\\\/\\\/www.pne.md\\\/blog\\\/rezultate-barometrul-antreprenorilor\\\/#breadcrumb\",\"itemListElement\":[{\"@type\":\"ListItem\",\"position\":1,\"name\":\"Home\",\"item\":\"https:\\\/\\\/www.pne.md\\\/\"},{\"@type\":\"ListItem\",\"position\":2,\"name\":\"Barometrul Antreprenorilor: Mediul de afaceri din Republica Moldova sus\u021bine aderarea la UE \u0219i consider\u0103 c\u0103 \u021bara se mi\u0219c\u0103 \u00eentr-o direc\u021bie corect\u0103\"}]},{\"@type\":\"WebSite\",\"@id\":\"https:\\\/\\\/www.pne.md\\\/#website\",\"url\":\"https:\\\/\\\/www.pne.md\\\/\",\"name\":\"Parteneriate pentru Noua Economie (PNE)\",\"description\":\"\",\"publisher\":{\"@id\":\"https:\\\/\\\/www.pne.md\\\/#organization\"},\"potentialAction\":[{\"@type\":\"SearchAction\",\"target\":{\"@type\":\"EntryPoint\",\"urlTemplate\":\"https:\\\/\\\/www.pne.md\\\/?s={search_term_string}\"},\"query-input\":{\"@type\":\"PropertyValueSpecification\",\"valueRequired\":true,\"valueName\":\"search_term_string\"}}],\"inLanguage\":\"en-US\"},{\"@type\":\"Organization\",\"@id\":\"https:\\\/\\\/www.pne.md\\\/#organization\",\"name\":\"Parteneriate pentru Noua Economie\",\"url\":\"https:\\\/\\\/www.pne.md\\\/\",\"logo\":{\"@type\":\"ImageObject\",\"inLanguage\":\"en-US\",\"@id\":\"https:\\\/\\\/www.pne.md\\\/#\\\/schema\\\/logo\\\/image\\\/\",\"url\":\"https:\\\/\\\/www.pne.md\\\/wp-content\\\/uploads\\\/2024\\\/04\\\/pne-logo.webp\",\"contentUrl\":\"https:\\\/\\\/www.pne.md\\\/wp-content\\\/uploads\\\/2024\\\/04\\\/pne-logo.webp\",\"width\":1000,\"height\":234,\"caption\":\"Parteneriate pentru Noua Economie\"},\"image\":{\"@id\":\"https:\\\/\\\/www.pne.md\\\/#\\\/schema\\\/logo\\\/image\\\/\"},\"sameAs\":[\"https:\\\/\\\/www.facebook.com\\\/profile.php?id=61553713585036\"]},{\"@type\":\"Person\",\"@id\":\"https:\\\/\\\/www.pne.md\\\/#\\\/schema\\\/person\\\/6160014744030af786edb277207f7820\",\"name\":\"admin\",\"sameAs\":[\"https:\\\/\\\/www.pne.md\"],\"url\":\"https:\\\/\\\/www.pne.md\\\/en\\\/blog\\\/author\\\/admin\\\/\"}]}<\/script>\n<!-- \/ Yoast SEO plugin. -->","yoast_head_json":{"title":"Barometer: Moldovan entrepreneurs support EU accession","description":"761% of entrepreneurs in the Republic of Moldova support EU accession, and the majority believe that their businesses are ready for integration.","robots":{"index":"index","follow":"follow","max-snippet":"max-snippet:-1","max-image-preview":"max-image-preview:large","max-video-preview":"max-video-preview:-1"},"canonical":"https:\/\/www.pne.md\/en\/blog\/rezultate-barometrul-antreprenorilor\/","og_locale":"en_US","og_type":"article","og_title":"Barometru: Antreprenorii din Moldova sus\u021bin aderarea la UE","og_description":"76% dintre antreprenorii din Republica Moldova sus\u021bin aderarea la UE, iar majoritatea consider\u0103 c\u0103 afacerile lor sunt preg\u0103tite pentru integrare.","og_url":"https:\/\/www.pne.md\/en\/blog\/rezultate-barometrul-antreprenorilor\/","og_site_name":"Parteneriate pentru Noua Economie (PNE)","article_publisher":"https:\/\/www.facebook.com\/profile.php?id=61553713585036","article_published_time":"2024-09-30T10:42:28+00:00","article_modified_time":"2024-10-24T06:40:31+00:00","og_image":[{"width":1500,"height":1000,"url":"https:\/\/www.pne.md\/wp-content\/uploads\/2024\/09\/DSC08574.jpg","type":"image\/jpeg"}],"author":"admin","twitter_card":"summary_large_image","twitter_misc":{"Written by":"admin","Est. reading time":"4 minutes"},"schema":{"@context":"https:\/\/schema.org","@graph":[{"@type":"Article","@id":"https:\/\/www.pne.md\/blog\/rezultate-barometrul-antreprenorilor\/#article","isPartOf":{"@id":"https:\/\/www.pne.md\/blog\/rezultate-barometrul-antreprenorilor\/"},"author":{"name":"admin","@id":"https:\/\/www.pne.md\/#\/schema\/person\/6160014744030af786edb277207f7820"},"headline":"Barometrul Antreprenorilor: Mediul de afaceri din Republica Moldova sus\u021bine aderarea la UE \u0219i consider\u0103 c\u0103 \u021bara se mi\u0219c\u0103 \u00eentr-o direc\u021bie corect\u0103","datePublished":"2024-09-30T10:42:28+00:00","dateModified":"2024-10-24T06:40:31+00:00","mainEntityOfPage":{"@id":"https:\/\/www.pne.md\/blog\/rezultate-barometrul-antreprenorilor\/"},"wordCount":529,"publisher":{"@id":"https:\/\/www.pne.md\/#organization"},"image":{"@id":"https:\/\/www.pne.md\/blog\/rezultate-barometrul-antreprenorilor\/#primaryimage"},"thumbnailUrl":"https:\/\/www.pne.md\/wp-content\/uploads\/2024\/09\/DSC08574.jpg","articleSection":["Nout\u0103\u021bi"],"inLanguage":"en-US"},{"@type":"WebPage","@id":"https:\/\/www.pne.md\/blog\/rezultate-barometrul-antreprenorilor\/","url":"https:\/\/www.pne.md\/blog\/rezultate-barometrul-antreprenorilor\/","name":"Barometer: Moldovan entrepreneurs support EU accession","isPartOf":{"@id":"https:\/\/www.pne.md\/#website"},"primaryImageOfPage":{"@id":"https:\/\/www.pne.md\/blog\/rezultate-barometrul-antreprenorilor\/#primaryimage"},"image":{"@id":"https:\/\/www.pne.md\/blog\/rezultate-barometrul-antreprenorilor\/#primaryimage"},"thumbnailUrl":"https:\/\/www.pne.md\/wp-content\/uploads\/2024\/09\/DSC08574.jpg","datePublished":"2024-09-30T10:42:28+00:00","dateModified":"2024-10-24T06:40:31+00:00","description":"761% of entrepreneurs in the Republic of Moldova support EU accession, and the majority believe that their businesses are ready for integration.","breadcrumb":{"@id":"https:\/\/www.pne.md\/blog\/rezultate-barometrul-antreprenorilor\/#breadcrumb"},"inLanguage":"en-US","potentialAction":[{"@type":"ReadAction","target":["https:\/\/www.pne.md\/blog\/rezultate-barometrul-antreprenorilor\/"]}]},{"@type":"ImageObject","inLanguage":"en-US","@id":"https:\/\/www.pne.md\/blog\/rezultate-barometrul-antreprenorilor\/#primaryimage","url":"https:\/\/www.pne.md\/wp-content\/uploads\/2024\/09\/DSC08574.jpg","contentUrl":"https:\/\/www.pne.md\/wp-content\/uploads\/2024\/09\/DSC08574.jpg","width":1500,"height":1000,"caption":"Barometrul Antreprenorilor"},{"@type":"BreadcrumbList","@id":"https:\/\/www.pne.md\/blog\/rezultate-barometrul-antreprenorilor\/#breadcrumb","itemListElement":[{"@type":"ListItem","position":1,"name":"Home","item":"https:\/\/www.pne.md\/"},{"@type":"ListItem","position":2,"name":"Barometrul Antreprenorilor: Mediul de afaceri din Republica Moldova sus\u021bine aderarea la UE \u0219i consider\u0103 c\u0103 \u021bara se mi\u0219c\u0103 \u00eentr-o direc\u021bie corect\u0103"}]},{"@type":"WebSite","@id":"https:\/\/www.pne.md\/#website","url":"https:\/\/www.pne.md\/","name":"Partnerships for New Economy (PNE)","description":"","publisher":{"@id":"https:\/\/www.pne.md\/#organization"},"potentialAction":[{"@type":"SearchAction","target":{"@type":"EntryPoint","urlTemplate":"https:\/\/www.pne.md\/?s={search_term_string}"},"query-input":{"@type":"PropertyValueSpecification","valueRequired":true,"valueName":"search_term_string"}}],"inLanguage":"en-US"},{"@type":"Organization","@id":"https:\/\/www.pne.md\/#organization","name":"Partnerships for the New Economy","url":"https:\/\/www.pne.md\/","logo":{"@type":"ImageObject","inLanguage":"en-US","@id":"https:\/\/www.pne.md\/#\/schema\/logo\/image\/","url":"https:\/\/www.pne.md\/wp-content\/uploads\/2024\/04\/pne-logo.webp","contentUrl":"https:\/\/www.pne.md\/wp-content\/uploads\/2024\/04\/pne-logo.webp","width":1000,"height":234,"caption":"Parteneriate pentru Noua Economie"},"image":{"@id":"https:\/\/www.pne.md\/#\/schema\/logo\/image\/"},"sameAs":["https:\/\/www.facebook.com\/profile.php?id=61553713585036"]},{"@type":"Person","@id":"https:\/\/www.pne.md\/#\/schema\/person\/6160014744030af786edb277207f7820","name":"admin","sameAs":["https:\/\/www.pne.md"],"url":"https:\/\/www.pne.md\/en\/blog\/author\/admin\/"}]}},"_links":{"self":[{"href":"https:\/\/www.pne.md\/en\/wp-json\/wp\/v2\/posts\/11246","targetHints":{"allow":["GET"]}}],"collection":[{"href":"https:\/\/www.pne.md\/en\/wp-json\/wp\/v2\/posts"}],"about":[{"href":"https:\/\/www.pne.md\/en\/wp-json\/wp\/v2\/types\/post"}],"author":[{"embeddable":true,"href":"https:\/\/www.pne.md\/en\/wp-json\/wp\/v2\/users\/2"}],"replies":[{"embeddable":true,"href":"https:\/\/www.pne.md\/en\/wp-json\/wp\/v2\/comments?post=11246"}],"version-history":[{"count":16,"href":"https:\/\/www.pne.md\/en\/wp-json\/wp\/v2\/posts\/11246\/revisions"}],"predecessor-version":[{"id":11359,"href":"https:\/\/www.pne.md\/en\/wp-json\/wp\/v2\/posts\/11246\/revisions\/11359"}],"wp:featuredmedia":[{"embeddable":true,"href":"https:\/\/www.pne.md\/en\/wp-json\/wp\/v2\/media\/11254"}],"wp:attachment":[{"href":"https:\/\/www.pne.md\/en\/wp-json\/wp\/v2\/media?parent=11246"}],"wp:term":[{"taxonomy":"category","embeddable":true,"href":"https:\/\/www.pne.md\/en\/wp-json\/wp\/v2\/categories?post=11246"},{"taxonomy":"post_tag","embeddable":true,"href":"https:\/\/www.pne.md\/en\/wp-json\/wp\/v2\/tags?post=11246"}],"curies":[{"name":"wp","href":"https:\/\/api.w.org\/{rel}","templated":true}]}}